{"id":1096,"date":"2026-08-05T09:52:16","date_gmt":"2026-08-05T09:52:16","guid":{"rendered":"https:\/\/gundem44.com.tr\/?p=1096"},"modified":"2026-08-05T09:52:17","modified_gmt":"2026-08-05T09:52:17","slug":"serdar-ortactan-evlilik-itirafi-evlilik-akil-hastasi-isi","status":"publish","type":"post","link":"https:\/\/gundem44.com.tr\/?p=1096","title":{"rendered":"Serdar Orta\u00e7&#8217;tan Evlilik \u0130tiraf\u0131: &#8220;Evlilik Ak\u0131l Hastas\u0131 \u0130\u015fi&#8221;"},"content":{"rendered":"\n<p class=\"wp-block-paragraph\">T\u00fcrk pop m\u00fczi\u011finin sevilen isimlerinden <strong>Serdar Orta\u00e7<\/strong>, ge\u00e7ti\u011fimiz ak\u015fam sahne ald\u0131\u011f\u0131 mek\u00e2nda hayranlar\u0131yla bulu\u015ftu. Sa\u011fl\u0131k sorunlar\u0131na ra\u011fmen sahnedeki enerjisiyle dikkat \u00e7eken Orta\u00e7, konser s\u0131ras\u0131nda yapt\u0131\u011f\u0131 samimi a\u00e7\u0131klamalarla g\u00fcndem oldu.<\/p>\n\n\n\n<p class=\"wp-block-paragraph\">Dinleyicileriyle sohbet eden \u00fcnl\u00fc sanat\u00e7\u0131, s\u00f6z aras\u0131nda \u00f6zel hayat\u0131na ve ge\u00e7mi\u015f ili\u015fkilerine de de\u011findi. Daha \u00f6nce \u0130rlandal\u0131 model <strong>Chloe Loughnan<\/strong> ile yapt\u0131\u011f\u0131 evlilikle uzun s\u00fcre magazin g\u00fcndeminde yer alan Orta\u00e7, bu kez evlilik konusunda esprili ifadeler kulland\u0131.<\/p>\n\n\n\n<h3 class=\"wp-block-heading\"><strong>&#8220;Bir Tane Esmer Bulamad\u0131m&#8221;<\/strong><\/h3>\n\n\n\n<p class=\"wp-block-paragraph\">Ge\u00e7mi\u015f ili\u015fkileriyle ilgili konu\u015fan Serdar Orta\u00e7, hayat\u0131na giren kad\u0131nlarla ilgili \u015fu ifadeleri kulland\u0131:<\/p>\n\n\n\n<blockquote class=\"wp-block-quote is-layout-flow wp-block-quote-is-layout-flow\">\n<p class=\"wp-block-paragraph\"><strong>&#8220;Hayat\u0131ma giren b\u00fct\u00fcn kad\u0131nlar sar\u0131\u015f\u0131nd\u0131, bir tane esmer bulamad\u0131m.&#8221;<\/strong><\/p>\n<\/blockquote>\n\n\n\n<p class=\"wp-block-paragraph\">S\u00f6zleri salonda g\u00fcl\u00fc\u015fmelere neden olan \u00fcnl\u00fc \u015fark\u0131c\u0131, ard\u0131ndan evlilik hakk\u0131ndaki d\u00fc\u015f\u00fcncelerini de payla\u015ft\u0131.<\/p>\n\n\n\n<h3 class=\"wp-block-heading\"><strong>&#8220;Deli Olmak Laz\u0131m&#8221;<\/strong><\/h3>\n\n\n\n<p class=\"wp-block-paragraph\">Evlilik kurumuna ili\u015fkin esprili bir de\u011ferlendirmede bulunan Orta\u00e7,<\/p>\n\n\n\n<blockquote class=\"wp-block-quote is-layout-flow wp-block-quote-is-layout-flow\">\n<p class=\"wp-block-paragraph\"><strong>&#8220;Evlilik ak\u0131l hastas\u0131 i\u015fi, deli olmak laz\u0131m.&#8221;<\/strong><\/p>\n<\/blockquote>\n\n\n\n<p class=\"wp-block-paragraph\">ifadelerini kulland\u0131.<\/p>\n\n\n\n<p class=\"wp-block-paragraph\">\u00dcnl\u00fc sanat\u00e7\u0131n\u0131n a\u00e7\u0131klamalar\u0131 sosyal medyada k\u0131sa s\u00fcrede g\u00fcndem olurken, hayranlar\u0131 taraf\u0131ndan \u00e7ok say\u0131da yorum yap\u0131ld\u0131. Bir kesim Orta\u00e7&#8217;\u0131n s\u00f6zlerini mizahi bulurken, baz\u0131 kullan\u0131c\u0131lar ise evlilikle ilgili yorumlar\u0131n\u0131 tart\u0131\u015fmaya a\u00e7t\u0131.<\/p>\n","protected":false},"excerpt":{"rendered":"<p>T\u00fcrk pop m\u00fczi\u011finin sevilen isimlerinden Serdar Orta\u00e7, ge\u00e7ti\u011fimiz ak\u015fam sahne ald\u0131\u011f\u0131 mek\u00e2nda hayranlar\u0131yla bulu\u015ftu. Sa\u011fl\u0131k&#8230;<\/p>\n","protected":false},"author":1,"featured_media":1098,"comment_status":"open","ping_status":"open","sticky":false,"template":"","format":"standard","meta":{"footnotes":""},"categories":[34],"tags":[],"class_list":["post-1096","post","type-post","status-publish","format-standard","has-post-thumbnail","hentry","category-magazin"],"_links":{"self":[{"href":"https:\/\/gundem44.com.tr\/index.php?rest_route=\/wp\/v2\/posts\/1096","targetHints":{"allow":["GET"]}}],"collection":[{"href":"https:\/\/gundem44.com.tr\/index.php?rest_route=\/wp\/v2\/posts"}],"about":[{"href":"https:\/\/gundem44.com.tr\/index.php?rest_route=\/wp\/v2\/types\/post"}],"author":[{"embeddable":true,"href":"https:\/\/gundem44.com.tr\/index.php?rest_route=\/wp\/v2\/users\/1"}],"replies":[{"embeddable":true,"href":"https:\/\/gundem44.com.tr\/index.php?rest_route=%2Fwp%2Fv2%2Fcomments&post=1096"}],"version-history":[{"count":1,"href":"https:\/\/gundem44.com.tr\/index.php?rest_route=\/wp\/v2\/posts\/1096\/revisions"}],"predecessor-version":[{"id":1099,"href":"https:\/\/gundem44.com.tr\/index.php?rest_route=\/wp\/v2\/posts\/1096\/revisions\/1099"}],"wp:featuredmedia":[{"embeddable":true,"href":"https:\/\/gundem44.com.tr\/index.php?rest_route=\/wp\/v2\/media\/1098"}],"wp:attachment":[{"href":"https:\/\/gundem44.com.tr\/index.php?rest_route=%2Fwp%2Fv2%2Fmedia&parent=1096"}],"wp:term":[{"taxonomy":"category","embeddable":true,"href":"https:\/\/gundem44.com.tr\/index.php?rest_route=%2Fwp%2Fv2%2Fcategories&post=1096"},{"taxonomy":"post_tag","embeddable":true,"href":"https:\/\/gundem44.com.tr\/index.php?rest_route=%2Fwp%2Fv2%2Ftags&post=1096"}],"curies":[{"name":"wp","href":"https:\/\/api.w.org\/{rel}","templated":true}]}}