{"id":1084,"date":"2026-08-05T00:31:49","date_gmt":"2026-08-05T00:31:49","guid":{"rendered":"https:\/\/gundem44.com.tr\/?p=1084"},"modified":"2026-08-05T00:31:49","modified_gmt":"2026-08-05T00:31:49","slug":"yeni-parti-malatya-il-teskilati-kuruldu","status":"publish","type":"post","link":"https:\/\/gundem44.com.tr\/?p=1084","title":{"rendered":"YEN\u0130 Parti Malatya \u0130l Te\u015fkilat\u0131 Kuruldu"},"content":{"rendered":"\n<p class=\"wp-block-paragraph\"><strong>YEN\u0130 Parti Malatya Kurucu \u0130l Ba\u015fkan\u0131 Bar\u0131\u015f Y\u0131ld\u0131z, Malatya Valili\u011fi&#8217;ne kurulu\u015f dilek\u00e7esinin verilmesinin ard\u0131ndan \u0130smet \u0130n\u00f6n\u00fc An\u0131t\u0131 \u00f6n\u00fcnde yapt\u0131\u011f\u0131 a\u00e7\u0131klamayla il ve il\u00e7e te\u015fkilatlar\u0131n\u0131n kuruldu\u011funu duyurdu. Y\u0131ld\u0131z, d\u00f6rt il\u00e7e belediye ba\u015fkan\u0131n\u0131n da YEN\u0130 Parti saflar\u0131nda yer alaca\u011f\u0131n\u0131 a\u00e7\u0131klad\u0131.<\/strong><\/p>\n\n\n\n<p class=\"wp-block-paragraph\">Malatya&#8217;da siyasi g\u00fcndemi hareketlendiren geli\u015fmede, <strong>YEN\u0130 Parti Malatya \u0130l Ba\u015fkanl\u0131\u011f\u0131<\/strong> resmen kuruldu.<\/p>\n\n\n\n<p class=\"wp-block-paragraph\">Kurucu \u0130l Ba\u015fkan\u0131 <strong>Bar\u0131\u015f Y\u0131ld\u0131z<\/strong>, Valili\u011fe kurulu\u015f dilek\u00e7esinin verilmesinin ard\u0131ndan partililerle birlikte <strong>\u0130smet \u0130n\u00f6n\u00fc An\u0131t\u0131<\/strong> \u00f6n\u00fcnde bas\u0131n a\u00e7\u0131klamas\u0131 yapt\u0131.<\/p>\n\n\n\n<h2 class=\"wp-block-heading\">&#8220;\u0130l ve \u0130l\u00e7e Te\u015fkilatlar\u0131m\u0131z\u0131 Kurduk&#8221;<\/h2>\n\n\n\n<p class=\"wp-block-paragraph\">Y\u0131ld\u0131z, a\u00e7\u0131klamas\u0131nda Malatya genelindeki \u00f6rg\u00fctlenmenin tamamland\u0131\u011f\u0131n\u0131 belirterek \u015fu ifadeleri kulland\u0131:<\/p>\n\n\n\n<blockquote class=\"wp-block-quote is-layout-flow wp-block-quote-is-layout-flow\">\n<p class=\"wp-block-paragraph\">&#8220;Bug\u00fcn itibar\u0131yla Malatya&#8217;da YEN\u0130 Parti \u0130l Ba\u015fkanl\u0131\u011f\u0131n\u0131 ve t\u00fcm il\u00e7elerimizde il\u00e7e te\u015fkilatlar\u0131m\u0131z\u0131 kurmu\u015f bulunmaktay\u0131z. Malatya&#8217;m\u0131za, demokrasimize ve T\u00fcrkiye siyasetine hay\u0131rl\u0131 olsun.&#8221;<\/p>\n<\/blockquote>\n\n\n\n<h2 class=\"wp-block-heading\">A\u00e7\u0131klama \u0130smet \u0130n\u00f6n\u00fc An\u0131t\u0131 \u00d6n\u00fcnde Yap\u0131ld\u0131<\/h2>\n\n\n\n<p class=\"wp-block-paragraph\">Kurulu\u015f a\u00e7\u0131klamas\u0131n\u0131, Malatyal\u0131 olan T\u00fcrkiye&#8217;nin 2. Cumhurba\u015fkan\u0131 <strong>\u0130smet \u0130n\u00f6n\u00fc&#8217;n\u00fcn<\/strong> an\u0131t\u0131 \u00f6n\u00fcnde yapmalar\u0131n\u0131n sembolik bir anlam ta\u015f\u0131d\u0131\u011f\u0131n\u0131 belirten Y\u0131ld\u0131z, Genel Ba\u015fkan <strong>\u00d6zg\u00fcr \u00d6zel<\/strong>&#8216;in ba\u015flatt\u0131\u011f\u0131 siyasi y\u00fcr\u00fcy\u00fc\u015fe Malatya&#8217;dan destek verdiklerini s\u00f6yledi.<\/p>\n\n\n\n<p class=\"wp-block-paragraph\">Y\u0131ld\u0131z, konu\u015fmas\u0131nda \u0130smet \u0130n\u00f6n\u00fc&#8217;n\u00fcn s\u0131k\u00e7a hat\u0131rlat\u0131lan \u015fu s\u00f6z\u00fcn\u00fc de dile getirdi:<\/p>\n\n\n\n<blockquote class=\"wp-block-quote is-layout-flow wp-block-quote-is-layout-flow\">\n<p class=\"wp-block-paragraph\"><strong>&#8220;Namuslular da namussuzlar kadar cesur olmal\u0131d\u0131r.&#8221;<\/strong><\/p>\n<\/blockquote>\n\n\n\n<h2 class=\"wp-block-heading\">D\u00f6rt Belediye Ba\u015fkan\u0131 YEN\u0130 Parti&#8217;de<\/h2>\n\n\n\n<p class=\"wp-block-paragraph\">Bar\u0131\u015f Y\u0131ld\u0131z, Malatya&#8217;da g\u00f6rev yapan d\u00f6rt belediye ba\u015fkan\u0131n\u0131n da YEN\u0130 Parti&#8217;ye kat\u0131laca\u011f\u0131n\u0131 a\u00e7\u0131klad\u0131.<\/p>\n\n\n\n<p class=\"wp-block-paragraph\">Buna g\u00f6re;<\/p>\n\n\n\n<ul class=\"wp-block-list\">\n<li>Hekimhan Belediye Ba\u015fkan\u0131,<\/li>\n\n\n\n<li>Arguvan Belediye Ba\u015fkan\u0131,<\/li>\n\n\n\n<li>Do\u011fan\u015fehir Belediye Ba\u015fkan\u0131,<\/li>\n\n\n\n<li>Arapgir Belediye Ba\u015fkan\u0131<\/li>\n<\/ul>\n\n\n\n<p class=\"wp-block-paragraph\">YEN\u0130 Parti \u00e7at\u0131s\u0131 alt\u0131nda siyaset yapacak.<\/p>\n\n\n\n<p class=\"wp-block-paragraph\">Y\u0131ld\u0131z ayr\u0131ca, <strong>Malatya B\u00fcy\u00fck\u015fehir Belediyesi<\/strong> ile <strong>Ye\u015filyurt Belediye Meclisi&#8217;ndeki<\/strong> parti gruplar\u0131n\u0131n da bu hafta itibar\u0131yla <strong>YEN\u0130 Parti Grubu<\/strong> olarak faaliyet g\u00f6sterece\u011fini ifade etti.<\/p>\n\n\n\n<h2 class=\"wp-block-heading\">Siyasi Hareketlilik<\/h2>\n\n\n\n<p class=\"wp-block-paragraph\">YEN\u0130 Parti&#8217;nin Malatya&#8217;da te\u015fkilatlanmas\u0131n\u0131 tamamlamas\u0131 ve yerel y\u00f6netimlerde g\u00f6rev yapan baz\u0131 isimlerin partiye kat\u0131laca\u011f\u0131n\u0131 a\u00e7\u0131klamas\u0131, kent siyasetinde dikkat \u00e7eken geli\u015fmeler aras\u0131nda yer ald\u0131. \u00d6n\u00fcm\u00fczdeki s\u00fcre\u00e7te parti te\u015fkilatlar\u0131n\u0131n saha \u00e7al\u0131\u015fmalar\u0131na ba\u015flamas\u0131 bekleniyor.<\/p>\n","protected":false},"excerpt":{"rendered":"<p>YEN\u0130 Parti Malatya Kurucu \u0130l Ba\u015fkan\u0131 Bar\u0131\u015f Y\u0131ld\u0131z, Malatya Valili\u011fi&#8217;ne kurulu\u015f dilek\u00e7esinin verilmesinin ard\u0131ndan \u0130smet&#8230;<\/p>\n","protected":false},"author":1,"featured_media":1085,"comment_status":"open","ping_status":"open","sticky":false,"template":"","format":"standard","meta":{"footnotes":""},"categories":[16],"tags":[],"class_list":["post-1084","post","type-post","status-publish","format-standard","has-post-thumbnail","hentry","category-politika"],"_links":{"self":[{"href":"https:\/\/gundem44.com.tr\/index.php?rest_route=\/wp\/v2\/posts\/1084","targetHints":{"allow":["GET"]}}],"collection":[{"href":"https:\/\/gundem44.com.tr\/index.php?rest_route=\/wp\/v2\/posts"}],"about":[{"href":"https:\/\/gundem44.com.tr\/index.php?rest_route=\/wp\/v2\/types\/post"}],"author":[{"embeddable":true,"href":"https:\/\/gundem44.com.tr\/index.php?rest_route=\/wp\/v2\/users\/1"}],"replies":[{"embeddable":true,"href":"https:\/\/gundem44.com.tr\/index.php?rest_route=%2Fwp%2Fv2%2Fcomments&post=1084"}],"version-history":[{"count":1,"href":"https:\/\/gundem44.com.tr\/index.php?rest_route=\/wp\/v2\/posts\/1084\/revisions"}],"predecessor-version":[{"id":1086,"href":"https:\/\/gundem44.com.tr\/index.php?rest_route=\/wp\/v2\/posts\/1084\/revisions\/1086"}],"wp:featuredmedia":[{"embeddable":true,"href":"https:\/\/gundem44.com.tr\/index.php?rest_route=\/wp\/v2\/media\/1085"}],"wp:attachment":[{"href":"https:\/\/gundem44.com.tr\/index.php?rest_route=%2Fwp%2Fv2%2Fmedia&parent=1084"}],"wp:term":[{"taxonomy":"category","embeddable":true,"href":"https:\/\/gundem44.com.tr\/index.php?rest_route=%2Fwp%2Fv2%2Fcategories&post=1084"},{"taxonomy":"post_tag","embeddable":true,"href":"https:\/\/gundem44.com.tr\/index.php?rest_route=%2Fwp%2Fv2%2Ftags&post=1084"}],"curies":[{"name":"wp","href":"https:\/\/api.w.org\/{rel}","templated":true}]}}