{"id":1078,"date":"2026-08-04T23:34:56","date_gmt":"2026-08-04T23:34:56","guid":{"rendered":"https:\/\/gundem44.com.tr\/?p=1078"},"modified":"2026-08-04T23:34:57","modified_gmt":"2026-08-04T23:34:57","slug":"savcilik-ozgur-ozel-ve-veli-agbaba-hakkinda-fezleke-hazirladi","status":"publish","type":"post","link":"https:\/\/gundem44.com.tr\/?p=1078","title":{"rendered":"Savc\u0131l\u0131k, \u00d6zg\u00fcr \u00d6zel ve Veli A\u011fbaba Hakk\u0131nda Fezleke Haz\u0131rlad\u0131"},"content":{"rendered":"\n<p class=\"wp-block-paragraph\"><strong>Ankara Cumhuriyet Ba\u015fsavc\u0131l\u0131\u011f\u0131, Yeni Parti Genel Ba\u015fkan\u0131 \u00d6zg\u00fcr \u00d6zel ile Malatya Milletvekili Veli A\u011fbaba hakk\u0131nda &#8220;zincirleme \u015fekilde r\u00fc\u015fvet almak&#8221; su\u00e7lamas\u0131yla fezleke haz\u0131rlayarak Adalet Bakanl\u0131\u011f\u0131&#8217;na g\u00f6nderdi. Fezlekede her iki milletvekilinin yasama dokunulmazl\u0131\u011f\u0131n\u0131n kald\u0131r\u0131lmas\u0131 talep edildi.<\/strong><\/p>\n\n\n\n<p class=\"wp-block-paragraph\">Ankara Cumhuriyet Ba\u015fsavc\u0131l\u0131\u011f\u0131 taraf\u0131ndan y\u00fcr\u00fct\u00fclen soru\u015fturma kapsam\u0131nda haz\u0131rlanan fezlekede, \u00d6zg\u00fcr \u00d6zel ve Veli A\u011fbaba hakk\u0131nda \u00e7e\u015fitli iddialara yer verildi.<\/p>\n\n\n\n<h2 class=\"wp-block-heading\">Fezlekede Muhittin B\u00f6cek ve \u00d6zkan Yal\u0131m \u0130ddialar\u0131<\/h2>\n\n\n\n<p class=\"wp-block-paragraph\">Ba\u015fsavc\u0131l\u0131k a\u00e7\u0131klamas\u0131na g\u00f6re, \u00d6zg\u00fcr \u00d6zel&#8217;in sahip oldu\u011fu n\u00fcfuz ve yetkiyi kullanarak, 31 Mart 2024 Mahalli \u0130dareler Genel Se\u00e7imleri \u00f6ncesinde <strong>Muhittin B\u00f6cek&#8217;in Antalya B\u00fcy\u00fck\u015fehir Belediye Ba\u015fkan aday\u0131 g\u00f6sterilmesini sa\u011flamak amac\u0131yla<\/strong> Muhittin B\u00f6cek ve o\u011flu Mustafa G\u00f6khan B\u00f6cek&#8217;ten \u00e7e\u015fitli tarihlerde do\u011frudan veya Veli A\u011fbaba arac\u0131l\u0131\u011f\u0131yla menfaat temin etti\u011fi \u00f6ne s\u00fcr\u00fcld\u00fc.<\/p>\n\n\n\n<p class=\"wp-block-paragraph\">A\u00e7\u0131klamada ayr\u0131ca, \u00d6zel&#8217;in g\u00f6revinden uzakla\u015ft\u0131r\u0131lan U\u015fak Belediye Ba\u015fkan\u0131 <strong>\u00d6zkan Yal\u0131m&#8217;dan<\/strong>, CHP&#8217;nin 38. Ola\u011fan Kurultay\u0131 s\u00fcrecinde kullan\u0131lmak \u00fczere farkl\u0131 tarihlerde maddi menfaat sa\u011flad\u0131\u011f\u0131n\u0131n iddia edildi\u011fi belirtildi.<\/p>\n\n\n\n<h2 class=\"wp-block-heading\">Veli A\u011fbaba Hakk\u0131ndaki \u0130ddialar<\/h2>\n\n\n\n<p class=\"wp-block-paragraph\">Fezlekede, Veli A\u011fbaba&#8217;n\u0131n da \u00d6zg\u00fcr \u00d6zel&#8217;in talimat\u0131yla Muhittin B\u00f6cek ve o\u011flu Mustafa G\u00f6khan B\u00f6cek&#8217;ten belediye ba\u015fkan adayl\u0131\u011f\u0131 s\u00fcrecine ili\u015fkin farkl\u0131 tutarlarda menfaat temin etti\u011fi ileri s\u00fcr\u00fcld\u00fc.<\/p>\n\n\n\n<p class=\"wp-block-paragraph\">Ba\u015fsavc\u0131l\u0131k a\u00e7\u0131klamas\u0131nda ayr\u0131ca, A\u011fbaba&#8217;n\u0131n \u00c7ankaya Belediyesi&#8217;nde yap\u0131lacak bir kat\u0131 at\u0131k toplama ihalesiyle ilgili n\u00fcfuzunu kullanarak belirli bir \u015firket lehine giri\u015fimlerde bulundu\u011fu ve yerel se\u00e7im s\u00fcrecinde \u0130zmir ve \u00e7evresindeki baz\u0131 belediye ile meclis \u00fcyelerinden maddi menfaat sa\u011flad\u0131\u011f\u0131n\u0131n iddia edildi\u011fi kaydedildi.<\/p>\n\n\n\n<h2 class=\"wp-block-heading\">Dokunulmazl\u0131klar\u0131n\u0131n Kald\u0131r\u0131lmas\u0131 Talep Edildi<\/h2>\n\n\n\n<p class=\"wp-block-paragraph\">Ankara Cumhuriyet Ba\u015fsavc\u0131l\u0131\u011f\u0131, y\u00fcr\u00fct\u00fclen soru\u015fturma kapsam\u0131nda <strong>\u00d6zg\u00fcr \u00d6zel ve Veli A\u011fbaba hakk\u0131nda &#8220;zincirleme \u015fekilde r\u00fc\u015fvet almak&#8221; su\u00e7undan haz\u0131rlanan fezlekeyi<\/strong>, yasama dokunulmazl\u0131klar\u0131n\u0131n kald\u0131r\u0131lmas\u0131 talebiyle <strong>Adalet Bakanl\u0131\u011f\u0131&#8217;na<\/strong> g\u00f6nderdi.<\/p>\n\n\n\n<p class=\"wp-block-paragraph\"><strong>S\u00fcre\u00e7 bundan sonra Adalet Bakanl\u0131\u011f\u0131 ve T\u00fcrkiye B\u00fcy\u00fck Millet Meclisi&#8217;nde i\u015fletilecek yasal prosed\u00fcr \u00e7er\u00e7evesinde devam edecek.<\/strong><\/p>\n","protected":false},"excerpt":{"rendered":"<p>Ankara Cumhuriyet Ba\u015fsavc\u0131l\u0131\u011f\u0131, Yeni Parti Genel Ba\u015fkan\u0131 \u00d6zg\u00fcr \u00d6zel ile Malatya Milletvekili Veli A\u011fbaba hakk\u0131nda&#8230;<\/p>\n","protected":false},"author":1,"featured_media":1079,"comment_status":"open","ping_status":"open","sticky":false,"template":"","format":"standard","meta":{"footnotes":""},"categories":[16],"tags":[],"class_list":["post-1078","post","type-post","status-publish","format-standard","has-post-thumbnail","hentry","category-politika"],"_links":{"self":[{"href":"https:\/\/gundem44.com.tr\/index.php?rest_route=\/wp\/v2\/posts\/1078","targetHints":{"allow":["GET"]}}],"collection":[{"href":"https:\/\/gundem44.com.tr\/index.php?rest_route=\/wp\/v2\/posts"}],"about":[{"href":"https:\/\/gundem44.com.tr\/index.php?rest_route=\/wp\/v2\/types\/post"}],"author":[{"embeddable":true,"href":"https:\/\/gundem44.com.tr\/index.php?rest_route=\/wp\/v2\/users\/1"}],"replies":[{"embeddable":true,"href":"https:\/\/gundem44.com.tr\/index.php?rest_route=%2Fwp%2Fv2%2Fcomments&post=1078"}],"version-history":[{"count":1,"href":"https:\/\/gundem44.com.tr\/index.php?rest_route=\/wp\/v2\/posts\/1078\/revisions"}],"predecessor-version":[{"id":1080,"href":"https:\/\/gundem44.com.tr\/index.php?rest_route=\/wp\/v2\/posts\/1078\/revisions\/1080"}],"wp:featuredmedia":[{"embeddable":true,"href":"https:\/\/gundem44.com.tr\/index.php?rest_route=\/wp\/v2\/media\/1079"}],"wp:attachment":[{"href":"https:\/\/gundem44.com.tr\/index.php?rest_route=%2Fwp%2Fv2%2Fmedia&parent=1078"}],"wp:term":[{"taxonomy":"category","embeddable":true,"href":"https:\/\/gundem44.com.tr\/index.php?rest_route=%2Fwp%2Fv2%2Fcategories&post=1078"},{"taxonomy":"post_tag","embeddable":true,"href":"https:\/\/gundem44.com.tr\/index.php?rest_route=%2Fwp%2Fv2%2Ftags&post=1078"}],"curies":[{"name":"wp","href":"https:\/\/api.w.org\/{rel}","templated":true}]}}