{"id":1075,"date":"2026-08-04T23:30:20","date_gmt":"2026-08-04T23:30:20","guid":{"rendered":"https:\/\/gundem44.com.tr\/?p=1075"},"modified":"2026-08-04T23:30:20","modified_gmt":"2026-08-04T23:30:20","slug":"yas-kararlari-resmi-gazetede-yayimlandi-yeni-komutan-atamalari-ve-terfiler-aciklandi","status":"publish","type":"post","link":"https:\/\/gundem44.com.tr\/?p=1075","title":{"rendered":"YA\u015e Kararlar\u0131 Resmi Gazete\u2019de Yay\u0131mland\u0131: Yeni Komutan Atamalar\u0131 ve Terfiler A\u00e7\u0131kland\u0131"},"content":{"rendered":"\n<p class=\"wp-block-paragraph\"><strong>Y\u00fcksek Askeri \u015eura (YA\u015e) kararlar\u0131 Resmi Gazete\u2019de yay\u0131mland\u0131. Karara g\u00f6re Hava Kuvvetleri Komutanl\u0131\u011f\u0131 g\u00f6revine Orgeneral Rafet Dalk\u0131ran atan\u0131rken, 25 general ve amiral bir \u00fcst r\u00fctbeye, 69 albay ise general ve amiralli\u011fe y\u00fckseltildi.<\/strong><\/p>\n\n\n\n<p class=\"wp-block-paragraph\">Cumhurba\u015fkan\u0131 Recep Tayyip Erdo\u011fan\u2019\u0131n imzas\u0131yla yay\u0131mlanan YA\u015e kararlar\u0131 kapsam\u0131nda, T\u00fcrk Silahl\u0131 Kuvvetleri\u2019nde \u00f6nemli g\u00f6rev de\u011fi\u015fiklikleri ve terfiler ger\u00e7ekle\u015ftirildi.<\/p>\n\n\n\n<h2 class=\"wp-block-heading\">Hava Kuvvetleri Komutanl\u0131\u011f\u0131\u2019na Orgeneral Rafet Dalk\u0131ran Atand\u0131<\/h2>\n\n\n\n<p class=\"wp-block-paragraph\">30 A\u011fustos 2026 tarihinden ge\u00e7erli olmak \u00fczere, <strong>Muharip Hava Kuvveti Komutan\u0131 Orgeneral Rafet Dalk\u0131ran<\/strong>, Hava Kuvvetleri Komutanl\u0131\u011f\u0131 g\u00f6revine getirildi.<\/p>\n\n\n\n<p class=\"wp-block-paragraph\">Hava Kuvvetleri Komutanl\u0131\u011f\u0131\u2019nda ayr\u0131ca;<\/p>\n\n\n\n<ul class=\"wp-block-list\">\n<li>Korgeneral Erdo\u011fan G\u00fcr, orgeneralli\u011fe,<\/li>\n\n\n\n<li>T\u00fcmgeneral Kemal Turan, korgeneralli\u011fe,<\/li>\n\n\n\n<li>Tu\u011fgeneral Cihangir Kemal Y\u00fcz\u00e7elik, t\u00fcmgeneralli\u011fe y\u00fckseltildi.<\/li>\n<\/ul>\n\n\n\n<p class=\"wp-block-paragraph\">18 albay ise tu\u011fgeneralli\u011fe terfi ettirildi.<\/p>\n\n\n\n<p class=\"wp-block-paragraph\">Tu\u011fgeneralli\u011fe y\u00fckselen isimler aras\u0131nda;<\/p>\n\n\n\n<p class=\"wp-block-paragraph\">T\u00fcrker Alt\u0131n\u0131\u015f\u0131k, \u015e\u00fckr\u00fc Y\u0131lmaz, Metin Admaner, Baha Pakkan, \u00d6nder Can, Zeki Arslan, Akif Ersan K\u0131v\u0131lc\u0131m, \u00d6zlem Karap\u0131nar, Serkan Co\u015far, Alper Gezeravc\u0131, Keskin \u015eenel, Ta\u015fk\u0131n Dakkur, Bora \u00c7ak\u0131ro\u011flu, Alper G\u00f6kdere, Sad\u0131k Tuncel, Fatih Pala, Ercan Bekmez ve Levent Ak yer ald\u0131.<\/p>\n\n\n\n<hr class=\"wp-block-separator has-alpha-channel-opacity\"\/>\n\n\n\n<h1 class=\"wp-block-heading\">Kara Kuvvetleri Komutanl\u0131\u011f\u0131\u2019nda Terfiler<\/h1>\n\n\n\n<p class=\"wp-block-paragraph\">Kara Kuvvetleri Komutanl\u0131\u011f\u0131\u2019nda;<\/p>\n\n\n\n<ul class=\"wp-block-list\">\n<li>T\u00fcmgeneraller Burhan Akta\u015f, Ertan \u0130naltekin ve Alparslan K\u0131l\u0131n\u00e7 korgeneralli\u011fe,<\/li>\n\n\n\n<li>12 tu\u011fgeneral t\u00fcmgeneralli\u011fe y\u00fckseltildi.<\/li>\n<\/ul>\n\n\n\n<p class=\"wp-block-paragraph\">Ayr\u0131ca Kara Kuvvetleri\u2019nde <strong>40 albay tu\u011fgeneralli\u011fe terfi ettirildi.<\/strong><\/p>\n\n\n\n<p class=\"wp-block-paragraph\">Tu\u011fgeneralli\u011fe y\u00fckselen isimler aras\u0131nda;<\/p>\n\n\n\n<p class=\"wp-block-paragraph\">Hasan Atasoy, Ali Karaku\u015f, Murat Temur, Mehmet Ali Ya\u011f\u0131z, Mehmet Savc\u0131, Mehmet Serhat G\u00fcndo\u011fan, Halil \u00d6z\u00e7ay, Hakan Kutlu, G\u00fcnal Budak, Mustafa Volkan Esen, Cumhur P\u0131\u00e7akc\u0131, U\u011fur \u00d6zyurt, Hakan Kan, Ayhan Ocak, Sedat \u00d6zt\u00fcrk, K\u00fcr\u015fad Cihan Erce ve di\u011fer albaylar yer ald\u0131.<\/p>\n\n\n\n<hr class=\"wp-block-separator has-alpha-channel-opacity\"\/>\n\n\n\n<h1 class=\"wp-block-heading\">Deniz Kuvvetleri Komutanl\u0131\u011f\u0131\u2019nda G\u00f6rev S\u00fcresi Uzat\u0131ld\u0131<\/h1>\n\n\n\n<p class=\"wp-block-paragraph\">Deniz Kuvvetleri Komutan\u0131 <strong>Oramiral Erc\u00fcment Tatl\u0131o\u011flu\u2019nun g\u00f6rev s\u00fcresi bir y\u0131l uzat\u0131ld\u0131.<\/strong><\/p>\n\n\n\n<p class=\"wp-block-paragraph\">Deniz Kuvvetleri Komutanl\u0131\u011f\u0131\u2019nda;<\/p>\n\n\n\n<ul class=\"wp-block-list\">\n<li>T\u00fcmamiraller Ramazan \u00d6zo\u011ful ve Erhan Ayd\u0131n koramiralli\u011fe,<\/li>\n\n\n\n<li>Tu\u011famiraller Erhan Akbayrak, Y\u00fccel Darcan, Eren G\u00fcnay ve Kenan Kaan T\u00fcrkkan t\u00fcmamiralli\u011fe y\u00fckseltildi.<\/li>\n<\/ul>\n\n\n\n<p class=\"wp-block-paragraph\">Ayr\u0131ca 11 albay tu\u011famiralli\u011fe terfi ettirildi.<\/p>\n\n\n\n<p class=\"wp-block-paragraph\">Tu\u011famiralli\u011fe y\u00fckselen isimler:<\/p>\n\n\n\n<p class=\"wp-block-paragraph\">\u00c7a\u011flar Mert Erk, Burak K\u00f6p\u00fck, G\u00f6ksel Ercenik, Burak T\u00fcrk\u00f6z, Adil T\u00fcfek\u00e7i, G\u00fcven\u00e7 Uysal, Volkan K\u0131van, Emre Ahmet \u0130nal, Arif \u00d6zay, Umut Turhan ve \u0130zzet Emre Afacan oldu.<\/p>\n\n\n\n<hr class=\"wp-block-separator has-alpha-channel-opacity\"\/>\n\n\n\n<h1 class=\"wp-block-heading\">YA\u015e Kararlar\u0131yla 94 Asker Terfi Etti<\/h1>\n\n\n\n<p class=\"wp-block-paragraph\">Y\u00fcksek Askeri \u015eura kararlar\u0131 kapsam\u0131nda;<\/p>\n\n\n\n<ul class=\"wp-block-list\">\n<li><strong>25 general ve amiral bir \u00fcst r\u00fctbeye y\u00fckseltilirken,<\/strong><\/li>\n\n\n\n<li><strong>69 albay general ve amiralli\u011fe terfi ettirildi.<\/strong><\/li>\n<\/ul>\n\n\n\n<p class=\"wp-block-paragraph\">Yeni r\u00fctbe ve g\u00f6rev de\u011fi\u015fikliklerinin 30 A\u011fustos 2026 tarihi itibar\u0131yla y\u00fcr\u00fcrl\u00fc\u011fe girece\u011fi bildirildi.<\/p>\n","protected":false},"excerpt":{"rendered":"<p>Y\u00fcksek Askeri \u015eura (YA\u015e) kararlar\u0131 Resmi Gazete\u2019de yay\u0131mland\u0131. Karara g\u00f6re Hava Kuvvetleri Komutanl\u0131\u011f\u0131 g\u00f6revine Orgeneral&#8230;<\/p>\n","protected":false},"author":1,"featured_media":1076,"comment_status":"open","ping_status":"open","sticky":false,"template":"","format":"standard","meta":{"footnotes":""},"categories":[17],"tags":[],"class_list":["post-1075","post","type-post","status-publish","format-standard","has-post-thumbnail","hentry","category-ulusal-haberler"],"_links":{"self":[{"href":"https:\/\/gundem44.com.tr\/index.php?rest_route=\/wp\/v2\/posts\/1075","targetHints":{"allow":["GET"]}}],"collection":[{"href":"https:\/\/gundem44.com.tr\/index.php?rest_route=\/wp\/v2\/posts"}],"about":[{"href":"https:\/\/gundem44.com.tr\/index.php?rest_route=\/wp\/v2\/types\/post"}],"author":[{"embeddable":true,"href":"https:\/\/gundem44.com.tr\/index.php?rest_route=\/wp\/v2\/users\/1"}],"replies":[{"embeddable":true,"href":"https:\/\/gundem44.com.tr\/index.php?rest_route=%2Fwp%2Fv2%2Fcomments&post=1075"}],"version-history":[{"count":1,"href":"https:\/\/gundem44.com.tr\/index.php?rest_route=\/wp\/v2\/posts\/1075\/revisions"}],"predecessor-version":[{"id":1077,"href":"https:\/\/gundem44.com.tr\/index.php?rest_route=\/wp\/v2\/posts\/1075\/revisions\/1077"}],"wp:featuredmedia":[{"embeddable":true,"href":"https:\/\/gundem44.com.tr\/index.php?rest_route=\/wp\/v2\/media\/1076"}],"wp:attachment":[{"href":"https:\/\/gundem44.com.tr\/index.php?rest_route=%2Fwp%2Fv2%2Fmedia&parent=1075"}],"wp:term":[{"taxonomy":"category","embeddable":true,"href":"https:\/\/gundem44.com.tr\/index.php?rest_route=%2Fwp%2Fv2%2Fcategories&post=1075"},{"taxonomy":"post_tag","embeddable":true,"href":"https:\/\/gundem44.com.tr\/index.php?rest_route=%2Fwp%2Fv2%2Ftags&post=1075"}],"curies":[{"name":"wp","href":"https:\/\/api.w.org\/{rel}","templated":true}]}}