{"id":1070,"date":"2026-08-04T23:24:31","date_gmt":"2026-08-04T23:24:31","guid":{"rendered":"https:\/\/gundem44.com.tr\/?p=1070"},"modified":"2026-08-04T23:24:31","modified_gmt":"2026-08-04T23:24:31","slug":"gamze-ozcelik-yillar-sonra-ekranlara-geri-dondu","status":"publish","type":"post","link":"https:\/\/gundem44.com.tr\/?p=1070","title":{"rendered":"Gamze \u00d6z\u00e7elik Y\u0131llar Sonra Ekranlara Geri D\u00f6nd\u00fc"},"content":{"rendered":"\n<p class=\"wp-block-paragraph\"><strong>Oyunculu\u011fa 8 y\u0131l ara veren Gamze \u00d6z\u00e7elik, TRT\u2019nin dijital platformu Tabii i\u00e7in haz\u0131rlanan \u201cOperasyon Alesta\u201d dizisiyle yeniden kamera kar\u015f\u0131s\u0131na ge\u00e7ti. \u00dcnl\u00fc oyuncunun setten payla\u015ft\u0131\u011f\u0131 ilk kareler hayranlar\u0131n\u0131 heyecanland\u0131rd\u0131.<\/strong><\/p>\n\n\n\n<p class=\"wp-block-paragraph\">Uzun s\u00fcredir oyunculuk \u00e7al\u0131\u015fmalar\u0131na ara veren <strong>Gamze \u00d6z\u00e7elik<\/strong>, y\u0131llar sonra yeni bir projeyle ekranlara d\u00f6n\u00fcyor. \u00d6z\u00e7elik, <strong>\u201cOperasyon Alesta\u201d<\/strong> adl\u0131 diziyle izleyici kar\u015f\u0131s\u0131na \u00e7\u0131kmaya haz\u0131rlan\u0131yor.<\/p>\n\n\n\n<figure class=\"wp-block-image size-full\"><img loading=\"lazy\" decoding=\"async\" width=\"640\" height=\"471\" src=\"https:\/\/gundem44.com.tr\/wp-content\/uploads\/2026\/08\/gamze-ozcelik-yillar-sonra-ekr-20117915-3897_1_m.webp\" alt=\"\" class=\"wp-image-1072\" srcset=\"https:\/\/gundem44.com.tr\/wp-content\/uploads\/2026\/08\/gamze-ozcelik-yillar-sonra-ekr-20117915-3897_1_m.webp 640w, https:\/\/gundem44.com.tr\/wp-content\/uploads\/2026\/08\/gamze-ozcelik-yillar-sonra-ekr-20117915-3897_1_m-300x221.webp 300w\" sizes=\"auto, (max-width: 640px) 100vw, 640px\" \/><\/figure>\n\n\n\n<h2 class=\"wp-block-heading\">Afrika\u2019da G\u00f6rev Yapan M\u00fchendisi Canland\u0131r\u0131yor<\/h2>\n\n\n\n<p class=\"wp-block-paragraph\">8 y\u0131l aradan sonra oyunculu\u011fa d\u00f6nen Gamze \u00d6z\u00e7elik, dizide <strong>Afrika\u2019da g\u00f6rev yapan \u201cZeynep\u201d isimli bir m\u00fchendise<\/strong> hayat veriyor.<\/p>\n\n\n\n<p class=\"wp-block-paragraph\">Setten ekip arkada\u015flar\u0131yla birlikte \u00e7ekilen foto\u011fraflar\u0131n\u0131 sosyal medya hesab\u0131ndan payla\u015fan \u00d6z\u00e7elik, yeni projesinden duydu\u011fu memnuniyeti dile getirdi.<\/p>\n\n\n\n<figure class=\"wp-block-image size-full\"><img loading=\"lazy\" decoding=\"async\" width=\"640\" height=\"852\" src=\"https:\/\/gundem44.com.tr\/wp-content\/uploads\/2026\/08\/gamze-ozcelik-yillar-sonra-ekr-20117915-1356_1_m.webp\" alt=\"\" class=\"wp-image-1073\" srcset=\"https:\/\/gundem44.com.tr\/wp-content\/uploads\/2026\/08\/gamze-ozcelik-yillar-sonra-ekr-20117915-1356_1_m.webp 640w, https:\/\/gundem44.com.tr\/wp-content\/uploads\/2026\/08\/gamze-ozcelik-yillar-sonra-ekr-20117915-1356_1_m-225x300.webp 225w\" sizes=\"auto, (max-width: 640px) 100vw, 640px\" \/><\/figure>\n\n\n\n<h2 class=\"wp-block-heading\">\u201cHer An\u0131ndan Keyif Ald\u0131\u011f\u0131m Bir \u0130\u015f Oldu\u201d<\/h2>\n\n\n\n<p class=\"wp-block-paragraph\">\u00dcnl\u00fc oyuncu yapt\u0131\u011f\u0131 payla\u015f\u0131mda, kendisini projeye dahil eden ekibe, y\u00f6netmene ve \u00e7al\u0131\u015fma arkada\u015flar\u0131na te\u015fekk\u00fcr ederek \u015fu ifadeleri kulland\u0131:<\/p>\n\n\n\n<p class=\"wp-block-paragraph\">\u201c<strong>Operasyon Alesta seti benim i\u00e7in y\u0131llar sonra ger\u00e7ekten i\u00e7inde bulunmaktan mutluluk duydu\u011fum, her an\u0131ndan keyif ald\u0131\u011f\u0131m bir i\u015f oldu.<\/strong>\u201d<\/p>\n\n\n\n<p class=\"wp-block-paragraph\">\u00d6z\u00e7elik\u2019in d\u00f6n\u00fc\u015f\u00fc, sosyal medyada k\u0131sa s\u00fcrede b\u00fcy\u00fck ilgi g\u00f6rd\u00fc.<\/p>\n\n\n\n<p class=\"wp-block-paragraph\">TRT\u2019nin dijital platformu Tabii\u2019de yay\u0131nlanacak olan <strong>\u201cOperasyon Alesta\u201d dizisinin \u00f6n\u00fcm\u00fczdeki aylarda izleyiciyle bulu\u015fmas\u0131 bekleniyor.<\/strong><\/p>\n","protected":false},"excerpt":{"rendered":"<p>Oyunculu\u011fa 8 y\u0131l ara veren Gamze \u00d6z\u00e7elik, TRT\u2019nin dijital platformu Tabii i\u00e7in haz\u0131rlanan \u201cOperasyon Alesta\u201d&#8230;<\/p>\n","protected":false},"author":1,"featured_media":1071,"comment_status":"open","ping_status":"open","sticky":false,"template":"","format":"standard","meta":{"footnotes":""},"categories":[1],"tags":[],"class_list":["post-1070","post","type-post","status-publish","format-standard","has-post-thumbnail","hentry","category-malatya-gundemi"],"_links":{"self":[{"href":"https:\/\/gundem44.com.tr\/index.php?rest_route=\/wp\/v2\/posts\/1070","targetHints":{"allow":["GET"]}}],"collection":[{"href":"https:\/\/gundem44.com.tr\/index.php?rest_route=\/wp\/v2\/posts"}],"about":[{"href":"https:\/\/gundem44.com.tr\/index.php?rest_route=\/wp\/v2\/types\/post"}],"author":[{"embeddable":true,"href":"https:\/\/gundem44.com.tr\/index.php?rest_route=\/wp\/v2\/users\/1"}],"replies":[{"embeddable":true,"href":"https:\/\/gundem44.com.tr\/index.php?rest_route=%2Fwp%2Fv2%2Fcomments&post=1070"}],"version-history":[{"count":1,"href":"https:\/\/gundem44.com.tr\/index.php?rest_route=\/wp\/v2\/posts\/1070\/revisions"}],"predecessor-version":[{"id":1074,"href":"https:\/\/gundem44.com.tr\/index.php?rest_route=\/wp\/v2\/posts\/1070\/revisions\/1074"}],"wp:featuredmedia":[{"embeddable":true,"href":"https:\/\/gundem44.com.tr\/index.php?rest_route=\/wp\/v2\/media\/1071"}],"wp:attachment":[{"href":"https:\/\/gundem44.com.tr\/index.php?rest_route=%2Fwp%2Fv2%2Fmedia&parent=1070"}],"wp:term":[{"taxonomy":"category","embeddable":true,"href":"https:\/\/gundem44.com.tr\/index.php?rest_route=%2Fwp%2Fv2%2Fcategories&post=1070"},{"taxonomy":"post_tag","embeddable":true,"href":"https:\/\/gundem44.com.tr\/index.php?rest_route=%2Fwp%2Fv2%2Ftags&post=1070"}],"curies":[{"name":"wp","href":"https:\/\/api.w.org\/{rel}","templated":true}]}}