{"id":1043,"date":"2026-07-13T09:28:48","date_gmt":"2026-07-13T09:28:48","guid":{"rendered":"https:\/\/gundem44.com.tr\/?p=1043"},"modified":"2026-07-13T09:28:48","modified_gmt":"2026-07-13T09:28:48","slug":"israilin-davut-koridoru-plani-iddiasi-turkiye-gelismeleri-yakindan-takip-ediyor","status":"publish","type":"post","link":"https:\/\/gundem44.com.tr\/?p=1043","title":{"rendered":"\u0130srail&#8217;in &#8220;Davut Koridoru&#8221; Plan\u0131 \u0130ddias\u0131: T\u00fcrkiye Geli\u015fmeleri Yak\u0131ndan Takip Ediyor"},"content":{"rendered":"\n<p class=\"wp-block-paragraph\">\u0130srail&#8217;in i\u015fgal alt\u0131ndaki Golan Tepeleri&#8217;ndeki askeri varl\u0131\u011f\u0131n\u0131 g\u00fc\u00e7lendirerek Suriye&#8217;nin g\u00fcneyinde yeni bir stratejik koridor olu\u015fturmay\u0131 hedefledi\u011fi y\u00f6n\u00fcndeki iddialar g\u00fcndeme geldi. T\u00fcrkiye Gazetesi&#8217;nin Suriyeli g\u00fcvenlik kaynaklar\u0131na dayand\u0131rd\u0131\u011f\u0131 haberde, \u0130srail&#8217;in Kuneytra-Suveyda hatt\u0131nda yeni bir askeri plan \u00fczerinde \u00e7al\u0131\u015ft\u0131\u011f\u0131 \u00f6ne s\u00fcr\u00fcld\u00fc.<\/p>\n\n\n\n<p class=\"wp-block-paragraph\">Habere g\u00f6re, \u0130srail&#8217;in Golan Tepeleri&#8217;nden ba\u015flayarak Kuneytra ve Suveyda-Atil hatt\u0131na uzanan yakla\u015f\u0131k 70 kilometrelik bir b\u00f6lgeyi kontrol alt\u0131na almay\u0131 ama\u00e7lad\u0131\u011f\u0131 iddia edildi. S\u00f6z konusu hatt\u0131n, baz\u0131 \u00e7evrelerde &#8220;Davut Koridoru&#8221; olarak adland\u0131r\u0131lan ve Kud\u00fcs&#8217;ten F\u0131rat Nehri&#8217;ne uzand\u0131\u011f\u0131 \u00f6ne s\u00fcr\u00fclen stratejik plan\u0131n bir par\u00e7as\u0131 oldu\u011fu ileri s\u00fcr\u00fcld\u00fc.<\/p>\n\n\n\n<h2 class=\"wp-block-heading\">Netanyahu&#8217;nun Yeni Operasyon Haz\u0131rl\u0131\u011f\u0131nda Oldu\u011fu \u0130ddias\u0131<\/h2>\n\n\n\n<p class=\"wp-block-paragraph\">Haberde, \u0130srail Ba\u015fbakan\u0131 Binyamin Netanyahu&#8217;nun y\u0131l sonuna kadar yap\u0131lmas\u0131 beklenen se\u00e7imler \u00f6ncesinde yeni askeri kazan\u0131mlar elde etmeyi hedefledi\u011fi ve bu kapsamda b\u00f6lgede yeni bir operasyon haz\u0131rl\u0131\u011f\u0131nda oldu\u011fu \u00f6ne s\u00fcr\u00fcld\u00fc.<\/p>\n\n\n\n<h2 class=\"wp-block-heading\">\u0130srailli Bakandan T\u00fcrkiye A\u00e7\u0131klamas\u0131<\/h2>\n\n\n\n<p class=\"wp-block-paragraph\">\u0130srail Enerji Bakan\u0131 Eli Cohen&#8217;in T\u00fcrkiye&#8217;nin Suriye&#8217;de askeri \u00fcs kurmas\u0131na kar\u015f\u0131 olduklar\u0131n\u0131 ifade etti\u011fi aktar\u0131ld\u0131. Cohen&#8217;in, &#8220;T\u00fcrklerin orada \u00fcs kurmas\u0131na izin veremeyiz. B\u00f6yle bir durumda biz de ayn\u0131 topraklarda yeni \u00fcsler in\u015fa ederiz.&#8221; a\u00e7\u0131klamas\u0131nda bulundu\u011fu belirtildi.<\/p>\n\n\n\n<h2 class=\"wp-block-heading\">T\u00fcrkiye B\u00f6lgedeki Hareketlili\u011fi Takip Ediyor<\/h2>\n\n\n\n<p class=\"wp-block-paragraph\">Haberde, T\u00fcrkiye&#8217;nin \u015eam B\u00fcy\u00fckel\u00e7isi Nuh Y\u0131lmaz&#8217;\u0131n da Suriye&#8217;nin g\u00fcneyindeki geli\u015fmeleri yak\u0131ndan izledi\u011fi y\u00f6n\u00fcnde a\u00e7\u0131klamalarda bulundu\u011fu kaydedildi.<\/p>\n\n\n\n<p class=\"wp-block-paragraph\">B\u00fcy\u00fckel\u00e7i Y\u0131lmaz&#8217;\u0131n, Cumhurba\u015fkan\u0131 Recep Tayyip Erdo\u011fan&#8217;\u0131n g\u00fcvenlik konusunda \u00f6zel inisiyatif al\u0131nmas\u0131 y\u00f6n\u00fcnde talimat verdi\u011fini ifade etti\u011fi ve T\u00fcrkiye&#8217;nin Suriye halk\u0131 ile devletine deste\u011fini s\u00fcrd\u00fcrece\u011fini belirtti\u011fi aktar\u0131ld\u0131.<\/p>\n\n\n\n<h2 class=\"wp-block-heading\">Suriye&#8217;ye Askeri Destek \u0130ddias\u0131<\/h2>\n\n\n\n<p class=\"wp-block-paragraph\">Ankara kaynaklar\u0131na dayand\u0131r\u0131lan haberde, Suriye s\u0131n\u0131r birliklerine z\u0131rhl\u0131 ara\u00e7 ve elektronik sistem deste\u011finin s\u00fcrd\u00fc\u011f\u00fc, ayr\u0131ca baz\u0131 stratejik b\u00f6lgelere geli\u015fmi\u015f radar sistemleri ve f\u00fcze bataryalar\u0131n\u0131n konu\u015fland\u0131r\u0131lmas\u0131n\u0131n planland\u0131\u011f\u0131 \u00f6ne s\u00fcr\u00fcld\u00fc.<\/p>\n\n\n\n<h2 class=\"wp-block-heading\">Uzmanlardan B\u00f6lgesel Risk Uyar\u0131s\u0131<\/h2>\n\n\n\n<p class=\"wp-block-paragraph\">Haberde g\u00f6r\u00fc\u015flerine yer verilen b\u00f6lge uzman\u0131 Abdullah Manaz, \u0130srail&#8217;in Golan-Suveyda hatt\u0131nda stratejik hedeflerinin bulundu\u011funu savundu. Suriyeli ara\u015ft\u0131rmac\u0131 ve aktivist Abdurrahman Dede ise b\u00f6lgede ya\u015fanabilecek olas\u0131 bir askeri hareketlili\u011fin yaln\u0131zca Suriye&#8217;yi de\u011fil, t\u00fcm Orta Do\u011fu&#8217;yu etkileyebilecek sonu\u00e7lar do\u011furabilece\u011fini ifade etti.<\/p>\n\n\n\n<p class=\"wp-block-paragraph\">\u00d6te yandan s\u00f6z konusu iddialara ili\u015fkin \u0130srail makamlar\u0131ndan resmi bir a\u00e7\u0131klama yap\u0131lmad\u0131. B\u00f6lgedeki geli\u015fmeler uluslararas\u0131 kamuoyu taraf\u0131ndan yak\u0131ndan takip ediliyor.<\/p>\n","protected":false},"excerpt":{"rendered":"<p>\u0130srail&#8217;in i\u015fgal alt\u0131ndaki Golan Tepeleri&#8217;ndeki askeri varl\u0131\u011f\u0131n\u0131 g\u00fc\u00e7lendirerek Suriye&#8217;nin g\u00fcneyinde yeni bir stratejik koridor olu\u015fturmay\u0131&#8230;<\/p>\n","protected":false},"author":1,"featured_media":1044,"comment_status":"open","ping_status":"open","sticky":false,"template":"","format":"standard","meta":{"footnotes":""},"categories":[40],"tags":[],"class_list":["post-1043","post","type-post","status-publish","format-standard","has-post-thumbnail","hentry","category-dunya"],"_links":{"self":[{"href":"https:\/\/gundem44.com.tr\/index.php?rest_route=\/wp\/v2\/posts\/1043","targetHints":{"allow":["GET"]}}],"collection":[{"href":"https:\/\/gundem44.com.tr\/index.php?rest_route=\/wp\/v2\/posts"}],"about":[{"href":"https:\/\/gundem44.com.tr\/index.php?rest_route=\/wp\/v2\/types\/post"}],"author":[{"embeddable":true,"href":"https:\/\/gundem44.com.tr\/index.php?rest_route=\/wp\/v2\/users\/1"}],"replies":[{"embeddable":true,"href":"https:\/\/gundem44.com.tr\/index.php?rest_route=%2Fwp%2Fv2%2Fcomments&post=1043"}],"version-history":[{"count":1,"href":"https:\/\/gundem44.com.tr\/index.php?rest_route=\/wp\/v2\/posts\/1043\/revisions"}],"predecessor-version":[{"id":1045,"href":"https:\/\/gundem44.com.tr\/index.php?rest_route=\/wp\/v2\/posts\/1043\/revisions\/1045"}],"wp:featuredmedia":[{"embeddable":true,"href":"https:\/\/gundem44.com.tr\/index.php?rest_route=\/wp\/v2\/media\/1044"}],"wp:attachment":[{"href":"https:\/\/gundem44.com.tr\/index.php?rest_route=%2Fwp%2Fv2%2Fmedia&parent=1043"}],"wp:term":[{"taxonomy":"category","embeddable":true,"href":"https:\/\/gundem44.com.tr\/index.php?rest_route=%2Fwp%2Fv2%2Fcategories&post=1043"},{"taxonomy":"post_tag","embeddable":true,"href":"https:\/\/gundem44.com.tr\/index.php?rest_route=%2Fwp%2Fv2%2Ftags&post=1043"}],"curies":[{"name":"wp","href":"https:\/\/api.w.org\/{rel}","templated":true}]}}