{"id":1040,"date":"2026-07-13T09:24:19","date_gmt":"2026-07-13T09:24:19","guid":{"rendered":"https:\/\/gundem44.com.tr\/?p=1040"},"modified":"2026-07-13T09:24:20","modified_gmt":"2026-07-13T09:24:20","slug":"fetoye-yonelik-81-ilde-dev-operasyon-968-supheli-hakkinda-islem-baslatildi","status":"publish","type":"post","link":"https:\/\/gundem44.com.tr\/?p=1040","title":{"rendered":"FET\u00d6&#8217;ye Y\u00f6nelik 81 \u0130lde Dev Operasyon: 968 \u015e\u00fcpheli Hakk\u0131nda \u0130\u015flem Ba\u015flat\u0131ld\u0131"},"content":{"rendered":"\n<p class=\"wp-block-paragraph\">\u0130\u00e7i\u015fleri ve Adalet bakanl\u0131klar\u0131n\u0131n koordinasyonunda Fetullah\u00e7\u0131 Ter\u00f6r \u00d6rg\u00fct\u00fc&#8217;ne (FET\u00d6) y\u00f6nelik T\u00fcrkiye genelinde geni\u015f \u00e7apl\u0131 bir operasyon ba\u015flat\u0131ld\u0131\u011f\u0131 a\u00e7\u0131kland\u0131. Yap\u0131lan duyuruya g\u00f6re, \u00f6rg\u00fct\u00fcn mahrem ve g\u00fcncel yap\u0131lanmalar\u0131n\u0131 hedef alan \u00e7al\u0131\u015fmalar kapsam\u0131nda 81 ilde toplam 968 \u015f\u00fcpheli hakk\u0131nda i\u015flem ba\u015flat\u0131ld\u0131.<\/p>\n\n\n\n<p class=\"wp-block-paragraph\">Bakanl\u0131klar\u0131n payla\u015ft\u0131\u011f\u0131 bilgilere g\u00f6re operasyonlar \u00f6zellikle Ankara, \u0130stanbul ve \u0130zmir&#8217;de yo\u011funla\u015f\u0131rken, di\u011fer illerde de \u00f6rg\u00fct\u00fcn yap\u0131lanmalar\u0131na y\u00f6nelik \u00e7al\u0131\u015fmalar\u0131n s\u00fcrd\u00fc\u011f\u00fc belirtildi.<\/p>\n\n\n\n<h2 class=\"wp-block-heading\">Bakanl\u0131klardan Ortak A\u00e7\u0131klama<\/h2>\n\n\n\n<p class=\"wp-block-paragraph\">Adalet ve \u0130\u00e7i\u015fleri bakanl\u0131klar\u0131 taraf\u0131ndan yap\u0131lan ortak a\u00e7\u0131klamada, ter\u00f6r \u00f6rg\u00fctleriyle m\u00fccadelenin kararl\u0131l\u0131kla devam etti\u011fi vurguland\u0131.<\/p>\n\n\n\n<p class=\"wp-block-paragraph\">A\u00e7\u0131klamada, devletin t\u00fcm kurumlar\u0131n\u0131n koordinasyon i\u00e7inde hareket etti\u011fi belirtilerek, &#8220;Hi\u00e7bir ter\u00f6r \u00f6rg\u00fct\u00fcn\u00fcn ve hi\u00e7bir vesayet oda\u011f\u0131n\u0131n milletimizin iradesine, devletimizin bekas\u0131na ve hukuk d\u00fczenimize kastetmesine izin verilmeyecektir&#8221; ifadelerine yer verildi.<\/p>\n\n\n\n<p class=\"wp-block-paragraph\">Ayr\u0131ca 15 Temmuz darbe giri\u015fiminin y\u0131l d\u00f6n\u00fcm\u00fcne yakla\u015f\u0131l\u0131rken, \u015fehitlerin emaneti ve gazilerin fedak\u00e2rl\u0131\u011f\u0131n\u0131n unutulmad\u0131\u011f\u0131, ter\u00f6rle m\u00fccadelenin ayn\u0131 kararl\u0131l\u0131kla s\u00fcrd\u00fcr\u00fclece\u011fi kaydedildi.<\/p>\n\n\n\n<h2 class=\"wp-block-heading\">Bakan G\u00fcrlek&#8217;ten Kararl\u0131l\u0131k Mesaj\u0131<\/h2>\n\n\n\n<p class=\"wp-block-paragraph\">Adalet Bakan\u0131 Ak\u0131n G\u00fcrlek de sosyal medya hesab\u0131ndan yapt\u0131\u011f\u0131 a\u00e7\u0131klamada, FET\u00d6\/PDY&#8217;ye y\u00f6nelik m\u00fccadelenin ilk g\u00fcnk\u00fc hassasiyetle devam etti\u011fini belirtti.<\/p>\n\n\n\n<p class=\"wp-block-paragraph\">G\u00fcrlek, Cumhuriyet Ba\u015fsavc\u0131l\u0131klar\u0131, Emniyet ve Jandarma te\u015fkilatlar\u0131n\u0131n m\u00fc\u015fterek \u00e7al\u0131\u015fmalar\u0131 sonucunda \u00f6rg\u00fct\u00fcn mahrem yap\u0131lanmas\u0131n\u0131n de\u015fifre edilmesi ve ba\u011flant\u0131l\u0131 unsurlar\u0131n\u0131n ortaya \u00e7\u0131kar\u0131lmas\u0131na y\u00f6nelik operasyonun ba\u015flat\u0131ld\u0131\u011f\u0131n\u0131 ifade etti.<\/p>\n\n\n\n<p class=\"wp-block-paragraph\">Bakan G\u00fcrlek a\u00e7\u0131klamas\u0131nda, devletin t\u00fcm kurumlar\u0131yla y\u00fcr\u00fct\u00fclen m\u00fccadelede hi\u00e7bir ter\u00f6r \u00f6rg\u00fct\u00fcn\u00fcn veya vesayet oda\u011f\u0131n\u0131n T\u00fcrkiye&#8217;nin hukuk d\u00fczenine ve milli iradesine zarar vermesine izin verilmeyece\u011fini vurgulad\u0131.<\/p>\n\n\n\n<h2 class=\"wp-block-heading\">Operasyonlar S\u00fcr\u00fcyor<\/h2>\n\n\n\n<p class=\"wp-block-paragraph\">Yetkililer, operasyonlar\u0131n devam etti\u011fini ve g\u00f6zalt\u0131 ile arama \u00e7al\u0131\u015fmalar\u0131na ili\u015fkin detaylar\u0131n ilerleyen saatlerde kamuoyuyla payla\u015f\u0131laca\u011f\u0131n\u0131 bildirdi. G\u00fcvenlik birimlerinin \u00f6rg\u00fct\u00fcn g\u00fcncel yap\u0131lanmalar\u0131na y\u00f6nelik \u00e7al\u0131\u015fmalar\u0131n\u0131 titizlikle s\u00fcrd\u00fcrd\u00fc\u011f\u00fc \u00f6\u011frenildi.<\/p>\n","protected":false},"excerpt":{"rendered":"<p>\u0130\u00e7i\u015fleri ve Adalet bakanl\u0131klar\u0131n\u0131n koordinasyonunda Fetullah\u00e7\u0131 Ter\u00f6r \u00d6rg\u00fct\u00fc&#8217;ne (FET\u00d6) y\u00f6nelik T\u00fcrkiye genelinde geni\u015f \u00e7apl\u0131 bir&#8230;<\/p>\n","protected":false},"author":1,"featured_media":1041,"comment_status":"open","ping_status":"open","sticky":false,"template":"","format":"standard","meta":{"footnotes":""},"categories":[14],"tags":[],"class_list":["post-1040","post","type-post","status-publish","format-standard","has-post-thumbnail","hentry","category-son-dakika"],"_links":{"self":[{"href":"https:\/\/gundem44.com.tr\/index.php?rest_route=\/wp\/v2\/posts\/1040","targetHints":{"allow":["GET"]}}],"collection":[{"href":"https:\/\/gundem44.com.tr\/index.php?rest_route=\/wp\/v2\/posts"}],"about":[{"href":"https:\/\/gundem44.com.tr\/index.php?rest_route=\/wp\/v2\/types\/post"}],"author":[{"embeddable":true,"href":"https:\/\/gundem44.com.tr\/index.php?rest_route=\/wp\/v2\/users\/1"}],"replies":[{"embeddable":true,"href":"https:\/\/gundem44.com.tr\/index.php?rest_route=%2Fwp%2Fv2%2Fcomments&post=1040"}],"version-history":[{"count":1,"href":"https:\/\/gundem44.com.tr\/index.php?rest_route=\/wp\/v2\/posts\/1040\/revisions"}],"predecessor-version":[{"id":1042,"href":"https:\/\/gundem44.com.tr\/index.php?rest_route=\/wp\/v2\/posts\/1040\/revisions\/1042"}],"wp:featuredmedia":[{"embeddable":true,"href":"https:\/\/gundem44.com.tr\/index.php?rest_route=\/wp\/v2\/media\/1041"}],"wp:attachment":[{"href":"https:\/\/gundem44.com.tr\/index.php?rest_route=%2Fwp%2Fv2%2Fmedia&parent=1040"}],"wp:term":[{"taxonomy":"category","embeddable":true,"href":"https:\/\/gundem44.com.tr\/index.php?rest_route=%2Fwp%2Fv2%2Fcategories&post=1040"},{"taxonomy":"post_tag","embeddable":true,"href":"https:\/\/gundem44.com.tr\/index.php?rest_route=%2Fwp%2Fv2%2Ftags&post=1040"}],"curies":[{"name":"wp","href":"https:\/\/api.w.org\/{rel}","templated":true}]}}