{"id":1033,"date":"2026-07-02T20:34:05","date_gmt":"2026-07-02T20:34:05","guid":{"rendered":"https:\/\/gundem44.com.tr\/?p=1033"},"modified":"2026-07-02T20:34:05","modified_gmt":"2026-07-02T20:34:05","slug":"genc-girisimciler-malatyanin-gucu","status":"publish","type":"post","link":"https:\/\/gundem44.com.tr\/?p=1033","title":{"rendered":"Gen\u00e7 Giri\u015fimciler Malatya&#8217;n\u0131n G\u00fcc\u00fc"},"content":{"rendered":"\n<p class=\"wp-block-paragraph\">MTSO, gen\u00e7 giri\u015fimcilerin Malatya&#8217;n\u0131n yeniden aya\u011fa kalkmas\u0131ndaki rol\u00fcn\u00fc de\u011ferlendirdi.<\/p>\n\n\n\n<p class=\"wp-block-paragraph\"><a href=\"https:\/\/www.sondakika.com\/malatya\/\">Malatya<\/a>&nbsp;Ticaret ve Sanayi Odas\u0131 (MTSO) Y\u00f6netim Kurulu Ba\u015fkan\u0131 O\u011fuzhan Ata Sad\u0131ko\u011flu, TOBB Malatya Gen\u00e7 Giri\u015fimciler Kurulu Ba\u015fkan\u0131 Abdurrahman Baydemir ve kurul \u00fcyeleriyle bir araya geldi.<\/p>\n\n\n\n<p class=\"wp-block-paragraph\">Verimli ge\u00e7en isti\u015fare toplant\u0131s\u0131nda gen\u00e7lerin i\u015f d\u00fcnyas\u0131ndaki rol\u00fc ve deprem sonras\u0131 Malatya&#8217;n\u0131n yeniden aya\u011fa kalkma s\u00fcrecinde gen\u00e7 giri\u015fimcilerin \u015fehre verdi\u011fi g\u00fc\u00e7 de\u011ferlendirildi.<\/p>\n\n\n\n<p class=\"wp-block-paragraph\">&#8220;Gen\u00e7lerimizin inanc\u0131 Malatya&#8217;m\u0131z\u0131n yeniden aya\u011fa kalkma s\u00fcrecini h\u0131zland\u0131racakt\u0131r&#8221;<\/p>\n\n\n\n<p class=\"wp-block-paragraph\">Toplant\u0131da konu\u015fan Ba\u015fkan Sad\u0131ko\u011flu, &#8220;Malatya&#8217;n\u0131n gelece\u011fini in\u015fa edecek en \u00f6nemli g\u00fc\u00e7lerden biri gen\u00e7lerimizdir. Yenilik\u00e7i fikirleri, \u00fcretme azimleri ve giri\u015fimcilik vizyonlar\u0131yla \u015fehrimizin ekonomik d\u00f6n\u00fc\u015f\u00fcm\u00fcne \u00f6nemli katk\u0131lar sunduklar\u0131na inan\u0131yoruz. TOBB Malatya Gen\u00e7 Giri\u015fimciler Kurulu Ba\u015fkan\u0131m\u0131z Abdurrahman Baydemir ve kurul \u00fcyesi gen\u00e7 karde\u015flerimiz g\u00f6reve geldikleri ilk g\u00fcnden bu yana \u015fehrimizdeki giri\u015fimcili\u011fin art\u0131r\u0131lmas\u0131 ad\u0131na \u00f6nemli projeler y\u00fcr\u00fct\u00fcyorlar. \u00d6zellikle deprem sonras\u0131 gen\u00e7lerimizin \u015fehrimize katt\u0131\u011f\u0131 g\u00fc\u00e7 bizlere de g\u00fc\u00e7 vermi\u015ftir. Gen\u00e7lerimizin cesaretle i\u015f hayat\u0131na at\u0131lmas\u0131, yeni yat\u0131r\u0131mlar ger\u00e7ekle\u015ftirmesi ve istihdam olu\u015fturmas\u0131, Malatya&#8217;m\u0131z\u0131n yeniden aya\u011fa kalkma s\u00fcrecini h\u0131zland\u0131racakt\u0131r. Biz de her zaman gen\u00e7 giri\u015fimcilerimizin yan\u0131nda olmaya devam edece\u011fiz&#8221; dedi.<\/p>\n\n\n\n<p class=\"wp-block-paragraph\">&#8220;Sadece bug\u00fcn\u00fcn de\u011fil, gelece\u011fin de en \u00f6nemli akt\u00f6r\u00fcy\u00fcz&#8221;<\/p>\n\n\n\n<p class=\"wp-block-paragraph\">Ba\u015fkan Sad\u0131ko\u011flu&#8217;na gen\u00e7lere verdi\u011fi de\u011ferden dolay\u0131 te\u015fekk\u00fcr eden TOBB Malatya Gen\u00e7 Giri\u015fimciler Kurulu Ba\u015fkan\u0131 Abdurrahman Baydemir ise gen\u00e7lerin sadece bug\u00fcn\u00fcn de\u011fil, gelece\u011fin de en \u00f6nemli akt\u00f6rleri oldu\u011funu vurgulayarak, giri\u015fimcilik k\u00fclt\u00fcr\u00fcn\u00fcn Malatya&#8217;da yayg\u0131nla\u015ft\u0131r\u0131lmas\u0131, yeni i\u015f fikirlerinin desteklenmesi ve gen\u00e7lerin ekonomik hayata daha g\u00fc\u00e7l\u00fc kat\u0131l\u0131m sa\u011flamas\u0131 ad\u0131na \u00e7al\u0131\u015fmalar\u0131n\u0131 s\u00fcrd\u00fcreceklerini ifade etti.<\/p>\n","protected":false},"excerpt":{"rendered":"<p>MTSO, gen\u00e7 giri\u015fimcilerin Malatya&#8217;n\u0131n yeniden aya\u011fa kalkmas\u0131ndaki rol\u00fcn\u00fc de\u011ferlendirdi. Malatya&nbsp;Ticaret ve Sanayi Odas\u0131 (MTSO) Y\u00f6netim&#8230;<\/p>\n","protected":false},"author":1,"featured_media":1034,"comment_status":"open","ping_status":"open","sticky":false,"template":"","format":"standard","meta":{"footnotes":""},"categories":[18],"tags":[],"class_list":["post-1033","post","type-post","status-publish","format-standard","has-post-thumbnail","hentry","category-guncel"],"_links":{"self":[{"href":"https:\/\/gundem44.com.tr\/index.php?rest_route=\/wp\/v2\/posts\/1033","targetHints":{"allow":["GET"]}}],"collection":[{"href":"https:\/\/gundem44.com.tr\/index.php?rest_route=\/wp\/v2\/posts"}],"about":[{"href":"https:\/\/gundem44.com.tr\/index.php?rest_route=\/wp\/v2\/types\/post"}],"author":[{"embeddable":true,"href":"https:\/\/gundem44.com.tr\/index.php?rest_route=\/wp\/v2\/users\/1"}],"replies":[{"embeddable":true,"href":"https:\/\/gundem44.com.tr\/index.php?rest_route=%2Fwp%2Fv2%2Fcomments&post=1033"}],"version-history":[{"count":1,"href":"https:\/\/gundem44.com.tr\/index.php?rest_route=\/wp\/v2\/posts\/1033\/revisions"}],"predecessor-version":[{"id":1035,"href":"https:\/\/gundem44.com.tr\/index.php?rest_route=\/wp\/v2\/posts\/1033\/revisions\/1035"}],"wp:featuredmedia":[{"embeddable":true,"href":"https:\/\/gundem44.com.tr\/index.php?rest_route=\/wp\/v2\/media\/1034"}],"wp:attachment":[{"href":"https:\/\/gundem44.com.tr\/index.php?rest_route=%2Fwp%2Fv2%2Fmedia&parent=1033"}],"wp:term":[{"taxonomy":"category","embeddable":true,"href":"https:\/\/gundem44.com.tr\/index.php?rest_route=%2Fwp%2Fv2%2Fcategories&post=1033"},{"taxonomy":"post_tag","embeddable":true,"href":"https:\/\/gundem44.com.tr\/index.php?rest_route=%2Fwp%2Fv2%2Ftags&post=1033"}],"curies":[{"name":"wp","href":"https:\/\/api.w.org\/{rel}","templated":true}]}}