{"id":1027,"date":"2026-07-02T20:31:35","date_gmt":"2026-07-02T20:31:35","guid":{"rendered":"https:\/\/gundem44.com.tr\/?p=1027"},"modified":"2026-07-02T20:31:37","modified_gmt":"2026-07-02T20:31:37","slug":"traktor-sarampole-devrildi-surucu-agir-yaralandi","status":"publish","type":"post","link":"https:\/\/gundem44.com.tr\/?p=1027","title":{"rendered":"Trakt\u00f6r \u015earampole Devrildi, S\u00fcr\u00fcc\u00fc A\u011f\u0131r Yaraland\u0131"},"content":{"rendered":"\n<p class=\"wp-block-paragraph\">Malatya&#8217;n\u0131n Hekimhan il\u00e7esinde devrilen trakt\u00f6rdeki s\u00fcr\u00fcc\u00fc a\u011f\u0131r yaraland\u0131, hastaneye kald\u0131r\u0131ld\u0131.<\/p>\n\n\n\n<p class=\"wp-block-paragraph\"><a href=\"https:\/\/www.sondakika.com\/malatya\/\">Malatya<\/a>&#8216;n\u0131n&nbsp;<a href=\"https:\/\/www.sondakika.com\/hekimhan\/\">Hekimhan<\/a>&nbsp;il\u00e7esinde \u015farampole devrilen trakt\u00f6r\u00fcn s\u00fcr\u00fcc\u00fcs\u00fc a\u011f\u0131r yaraland\u0131.<\/p>\n\n\n\n<p class=\"wp-block-paragraph\">Erdo\u011fan Canl\u0131, G\u00fcven\u00e7 Mahallesi&#8217;nde, bah\u00e7esine gitmek \u00fczere plakas\u0131 \u00f6\u011frenilemeyen trakt\u00f6r\u00fcyle yola \u00e7\u0131kt\u0131.<\/p>\n\n\n\n<p class=\"wp-block-paragraph\">Trakt\u00f6r, s\u00fcr\u00fcc\u00fcn\u00fcn direksiyon hakimiyetini kaybetmesi \u00fczerine \u015farampole devrildi.<\/p>\n\n\n\n<p class=\"wp-block-paragraph\"><a href=\"https:\/\/www.sondakika.com\/kaza\/\">Kaza<\/a>&nbsp;yerine sa\u011fl\u0131k, jandarma ve itfaiye ekipleri sevk edildi.<\/p>\n\n\n\n<p class=\"wp-block-paragraph\">Trakt\u00f6r\u00fcn alt\u0131nda kalan Canl\u0131, ekiplerin \u00e7al\u0131\u015fmas\u0131 sonucu bulundu\u011fu yerden \u00e7\u0131kar\u0131larak sa\u011fl\u0131k ekiplerine teslim edildi.<\/p>\n\n\n\n<p class=\"wp-block-paragraph\">Ambulansla hastaneye kald\u0131r\u0131lan Canl\u0131&#8217;n\u0131n sa\u011fl\u0131k durumunun a\u011f\u0131r oldu\u011fu \u00f6\u011frenildi.<\/p>\n","protected":false},"excerpt":{"rendered":"<p>Malatya&#8217;n\u0131n Hekimhan il\u00e7esinde devrilen trakt\u00f6rdeki s\u00fcr\u00fcc\u00fc a\u011f\u0131r yaraland\u0131, hastaneye kald\u0131r\u0131ld\u0131. Malatya&#8216;n\u0131n&nbsp;Hekimhan&nbsp;il\u00e7esinde \u015farampole devrilen trakt\u00f6r\u00fcn s\u00fcr\u00fcc\u00fcs\u00fc&#8230;<\/p>\n","protected":false},"author":1,"featured_media":1028,"comment_status":"open","ping_status":"open","sticky":false,"template":"","format":"standard","meta":{"footnotes":""},"categories":[29],"tags":[],"class_list":["post-1027","post","type-post","status-publish","format-standard","has-post-thumbnail","hentry","category-hekimhan"],"_links":{"self":[{"href":"https:\/\/gundem44.com.tr\/index.php?rest_route=\/wp\/v2\/posts\/1027","targetHints":{"allow":["GET"]}}],"collection":[{"href":"https:\/\/gundem44.com.tr\/index.php?rest_route=\/wp\/v2\/posts"}],"about":[{"href":"https:\/\/gundem44.com.tr\/index.php?rest_route=\/wp\/v2\/types\/post"}],"author":[{"embeddable":true,"href":"https:\/\/gundem44.com.tr\/index.php?rest_route=\/wp\/v2\/users\/1"}],"replies":[{"embeddable":true,"href":"https:\/\/gundem44.com.tr\/index.php?rest_route=%2Fwp%2Fv2%2Fcomments&post=1027"}],"version-history":[{"count":1,"href":"https:\/\/gundem44.com.tr\/index.php?rest_route=\/wp\/v2\/posts\/1027\/revisions"}],"predecessor-version":[{"id":1029,"href":"https:\/\/gundem44.com.tr\/index.php?rest_route=\/wp\/v2\/posts\/1027\/revisions\/1029"}],"wp:featuredmedia":[{"embeddable":true,"href":"https:\/\/gundem44.com.tr\/index.php?rest_route=\/wp\/v2\/media\/1028"}],"wp:attachment":[{"href":"https:\/\/gundem44.com.tr\/index.php?rest_route=%2Fwp%2Fv2%2Fmedia&parent=1027"}],"wp:term":[{"taxonomy":"category","embeddable":true,"href":"https:\/\/gundem44.com.tr\/index.php?rest_route=%2Fwp%2Fv2%2Fcategories&post=1027"},{"taxonomy":"post_tag","embeddable":true,"href":"https:\/\/gundem44.com.tr\/index.php?rest_route=%2Fwp%2Fv2%2Ftags&post=1027"}],"curies":[{"name":"wp","href":"https:\/\/api.w.org\/{rel}","templated":true}]}}