{"id":1024,"date":"2026-07-02T20:30:12","date_gmt":"2026-07-02T20:30:12","guid":{"rendered":"https:\/\/gundem44.com.tr\/?p=1024"},"modified":"2026-07-02T20:30:12","modified_gmt":"2026-07-02T20:30:12","slug":"akcadagda-50-yatakli-ogretmenevinin-temel-calismalari-basladi","status":"publish","type":"post","link":"https:\/\/gundem44.com.tr\/?p=1024","title":{"rendered":"Ak\u00e7ada\u011f&#8217;da 50 yatakl\u0131 \u00d6\u011fretmenevi&#8217;nin temel \u00e7al\u0131\u015fmalar\u0131 ba\u015flad\u0131"},"content":{"rendered":"\n<p class=\"wp-block-paragraph\">Malatya\u2019n\u0131n Ak\u00e7ada\u011f il\u00e7esinde yap\u0131lmas\u0131 planlanan 50 yatakl\u0131 \u00d6\u011fretmenevi projesinin in\u015faat \u00e7al\u0131\u015fmalar\u0131 ba\u015flad\u0131. Belediye Ba\u015fkan\u0131 Hasan Uluta\u015f, projenin il\u00e7enin sosyal ve e\u011fitim hayat\u0131na katk\u0131 sa\u011flayaca\u011f\u0131n\u0131 belirtti.<\/p>\n\n\n\n<p class=\"wp-block-paragraph\"><a href=\"https:\/\/www.sondakika.com\/malatya\/\">Malatya<\/a>&#8216;n\u0131n&nbsp;<a href=\"https:\/\/www.sondakika.com\/akcadag\/\">Ak\u00e7ada\u011f<\/a>&nbsp;il\u00e7esinde yap\u0131m\u0131 planlanan 50 yatakl\u0131 \u00d6\u011fretmenevi projesinde temel \u00e7al\u0131\u015fmalar\u0131 ba\u015flad\u0131.<\/p>\n\n\n\n<p class=\"wp-block-paragraph\">Ak\u00e7ada\u011f Belediye Ba\u015fkan\u0131&nbsp;<a href=\"https:\/\/www.sondakika.com\/hasan-ulutas\/\">Hasan Uluta\u015f<\/a>, 1 Nisan&#8217;da ihale s\u00fcrecini kamuoyuyla payla\u015ft\u0131klar\u0131 50 yatakl\u0131 \u00d6\u011fretmenevi projesinde in\u015faat\u0131n ilk etap \u00e7al\u0131\u015fmalar\u0131n\u0131n ba\u015flad\u0131\u011f\u0131n\u0131 duyurdu.<\/p>\n\n\n\n<p class=\"wp-block-paragraph\">Ba\u015fkan Uluta\u015f, il\u00e7enin sosyal ve e\u011fitim hayat\u0131na \u00f6nemli katk\u0131lar sunmas\u0131 hedeflenen yat\u0131r\u0131m\u0131n Ak\u00e7ada\u011f&#8217;a hay\u0131rl\u0131 olmas\u0131n\u0131 temenni etti.<\/p>\n\n\n\n<p class=\"wp-block-paragraph\">Projeye katk\u0131 sunanlara te\u015fekk\u00fcr eden Uluta\u015f, &#8220;50 yatakl\u0131 \u00d6\u011fretmenevi projemizin il\u00e7emize kazand\u0131r\u0131lmas\u0131na verdikleri k\u0131ymetli desteklerden dolay\u0131 Milli&nbsp;<a href=\"https:\/\/www.sondakika.com\/egitim\/\">E\u011fitim<\/a>&nbsp;Bakan\u0131m\u0131z Say\u0131n Yusuf Tekin&#8217;e, milletvekillerimize ve in\u015faat alan\u0131 i\u00e7in arsa deste\u011fi sa\u011flayan Malatya B\u00fcy\u00fck\u015fehir Belediye Ba\u015fkan\u0131m\u0131z Sami Er&#8217;e te\u015fekk\u00fcr ediyorum&#8221; ifadelerini kulland\u0131&nbsp;<\/p>\n","protected":false},"excerpt":{"rendered":"<p>Malatya\u2019n\u0131n Ak\u00e7ada\u011f il\u00e7esinde yap\u0131lmas\u0131 planlanan 50 yatakl\u0131 \u00d6\u011fretmenevi projesinin in\u015faat \u00e7al\u0131\u015fmalar\u0131 ba\u015flad\u0131. Belediye Ba\u015fkan\u0131 Hasan&#8230;<\/p>\n","protected":false},"author":1,"featured_media":1025,"comment_status":"open","ping_status":"open","sticky":false,"template":"","format":"standard","meta":{"footnotes":""},"categories":[23],"tags":[],"class_list":["post-1024","post","type-post","status-publish","format-standard","has-post-thumbnail","hentry","category-akcadag"],"_links":{"self":[{"href":"https:\/\/gundem44.com.tr\/index.php?rest_route=\/wp\/v2\/posts\/1024","targetHints":{"allow":["GET"]}}],"collection":[{"href":"https:\/\/gundem44.com.tr\/index.php?rest_route=\/wp\/v2\/posts"}],"about":[{"href":"https:\/\/gundem44.com.tr\/index.php?rest_route=\/wp\/v2\/types\/post"}],"author":[{"embeddable":true,"href":"https:\/\/gundem44.com.tr\/index.php?rest_route=\/wp\/v2\/users\/1"}],"replies":[{"embeddable":true,"href":"https:\/\/gundem44.com.tr\/index.php?rest_route=%2Fwp%2Fv2%2Fcomments&post=1024"}],"version-history":[{"count":1,"href":"https:\/\/gundem44.com.tr\/index.php?rest_route=\/wp\/v2\/posts\/1024\/revisions"}],"predecessor-version":[{"id":1026,"href":"https:\/\/gundem44.com.tr\/index.php?rest_route=\/wp\/v2\/posts\/1024\/revisions\/1026"}],"wp:featuredmedia":[{"embeddable":true,"href":"https:\/\/gundem44.com.tr\/index.php?rest_route=\/wp\/v2\/media\/1025"}],"wp:attachment":[{"href":"https:\/\/gundem44.com.tr\/index.php?rest_route=%2Fwp%2Fv2%2Fmedia&parent=1024"}],"wp:term":[{"taxonomy":"category","embeddable":true,"href":"https:\/\/gundem44.com.tr\/index.php?rest_route=%2Fwp%2Fv2%2Fcategories&post=1024"},{"taxonomy":"post_tag","embeddable":true,"href":"https:\/\/gundem44.com.tr\/index.php?rest_route=%2Fwp%2Fv2%2Ftags&post=1024"}],"curies":[{"name":"wp","href":"https:\/\/api.w.org\/{rel}","templated":true}]}}