{"id":1021,"date":"2026-07-02T20:28:50","date_gmt":"2026-07-02T20:28:50","guid":{"rendered":"https:\/\/gundem44.com.tr\/?p=1021"},"modified":"2026-07-02T20:28:50","modified_gmt":"2026-07-02T20:28:50","slug":"malatyaya-hizli-tren-ve-sehir-hastanesi-mujdesi","status":"publish","type":"post","link":"https:\/\/gundem44.com.tr\/?p=1021","title":{"rendered":"Malatya&#8217;ya h\u0131zl\u0131 tren ve \u015fehir hastanesi m\u00fcjdesi"},"content":{"rendered":"\n<p class=\"wp-block-paragraph\">AK Parti Malatya Milletvekili B\u00fclent T\u00fcfenkci, 33. \u0130sti\u015fare ve De\u011ferlendirme Toplant\u0131s\u0131&#8217;nda h\u0131zl\u0131 tren ve \u015fehir hastanesi projelerinin 2027 yat\u0131r\u0131m program\u0131na al\u0131nmas\u0131 i\u00e7in Cumhurba\u015fkan\u0131 Erdo\u011fan&#8217;\u0131n talimat verdi\u011fini a\u00e7\u0131klad\u0131.<\/p>\n\n\n\n<p class=\"wp-block-paragraph\"><a href=\"https:\/\/www.sondakika.com\/ak-parti\/\">AK Parti<\/a>&nbsp;<a href=\"https:\/\/www.sondakika.com\/malatya\/\">Malatya<\/a>&nbsp;<a href=\"https:\/\/www.sondakika.com\/milletvekili\/\">Milletvekili<\/a>&nbsp;<a href=\"https:\/\/www.sondakika.com\/bulent-tufenkci\/\">B\u00fclent T\u00fcfenkci<\/a>, AK Parti&#8217;nin 33. \u0130sti\u015fare ve De\u011ferlendirme Toplant\u0131s\u0131&#8217;nda Malatya&#8217;n\u0131n h\u0131zl\u0131 tren ve \u015fehir hastanesi taleplerinin g\u00fcndeme al\u0131nd\u0131\u011f\u0131n\u0131 s\u00f6yledi.<\/p>\n\n\n\n<p class=\"wp-block-paragraph\">AK Parti Malatya Milletvekili B\u00fclent T\u00fcfenkci, Cumhurba\u015fkan\u0131&nbsp;<a href=\"https:\/\/www.sondakika.com\/recep-tayyip-erdogan\/\">Recep Tayyip Erdo\u011fan<\/a>&#8216;\u0131n h\u0131zl\u0131 tren ve \u015fehir hastanesi projeleri i\u00e7in ilgili kurumlara 2027 yat\u0131r\u0131m program\u0131 kapsam\u0131nda talimat verdi\u011fini belirtti. H\u0131zl\u0131 tren projesi kapsam\u0131nda Cumhurba\u015fkanl\u0131\u011f\u0131 Strateji ve B\u00fct\u00e7e Ba\u015fkanl\u0131\u011f\u0131 ile Ula\u015ft\u0131rma ve Altyap\u0131 Bakanl\u0131\u011f\u0131na gerekli y\u00f6nlendirmelerin yap\u0131ld\u0131\u011f\u0131n\u0131 ifade eden T\u00fcfenkci, Ula\u015ft\u0131rma ve Altyap\u0131 Bakan\u0131 Abdulkadir Uralo\u011flu ile Cumhurba\u015fkanl\u0131\u011f\u0131 Strateji ve B\u00fct\u00e7e Ba\u015fkan\u0131 \u0130brahim \u015eenel&#8217;in s\u00fcreci takip etti\u011fini aktard\u0131.<\/p>\n\n\n\n<p class=\"wp-block-paragraph\">\u015eehir hastanesi projesinin de Sa\u011fl\u0131k Bakanl\u0131\u011f\u0131 g\u00fcndeminde oldu\u011funu belirten T\u00fcfenkci, yat\u0131r\u0131m\u0131n 2027 program\u0131na al\u0131nmas\u0131n\u0131n beklendi\u011fini kaydetti. T\u00fcfenkci ayr\u0131ca Malatya Adli T\u0131p Kurumu binas\u0131n\u0131n ihalesinin yap\u0131ld\u0131\u011f\u0131n\u0131, yeni yap\u0131da farkl\u0131 ihtisas dairelerinin yer alaca\u011f\u0131n\u0131 ifade etti.<\/p>\n\n\n\n<p class=\"wp-block-paragraph\">T\u00fcfenkci, Malatya&#8217;ya y\u00f6nelik yat\u0131r\u0131mlar\u0131n yak\u0131ndan takip edildi\u011fini kaydetti.<\/p>\n","protected":false},"excerpt":{"rendered":"<p>AK Parti Malatya Milletvekili B\u00fclent T\u00fcfenkci, 33. \u0130sti\u015fare ve De\u011ferlendirme Toplant\u0131s\u0131&#8217;nda h\u0131zl\u0131 tren ve \u015fehir&#8230;<\/p>\n","protected":false},"author":1,"featured_media":1022,"comment_status":"open","ping_status":"open","sticky":false,"template":"","format":"standard","meta":{"footnotes":""},"categories":[18],"tags":[],"class_list":["post-1021","post","type-post","status-publish","format-standard","has-post-thumbnail","hentry","category-guncel"],"_links":{"self":[{"href":"https:\/\/gundem44.com.tr\/index.php?rest_route=\/wp\/v2\/posts\/1021","targetHints":{"allow":["GET"]}}],"collection":[{"href":"https:\/\/gundem44.com.tr\/index.php?rest_route=\/wp\/v2\/posts"}],"about":[{"href":"https:\/\/gundem44.com.tr\/index.php?rest_route=\/wp\/v2\/types\/post"}],"author":[{"embeddable":true,"href":"https:\/\/gundem44.com.tr\/index.php?rest_route=\/wp\/v2\/users\/1"}],"replies":[{"embeddable":true,"href":"https:\/\/gundem44.com.tr\/index.php?rest_route=%2Fwp%2Fv2%2Fcomments&post=1021"}],"version-history":[{"count":1,"href":"https:\/\/gundem44.com.tr\/index.php?rest_route=\/wp\/v2\/posts\/1021\/revisions"}],"predecessor-version":[{"id":1023,"href":"https:\/\/gundem44.com.tr\/index.php?rest_route=\/wp\/v2\/posts\/1021\/revisions\/1023"}],"wp:featuredmedia":[{"embeddable":true,"href":"https:\/\/gundem44.com.tr\/index.php?rest_route=\/wp\/v2\/media\/1022"}],"wp:attachment":[{"href":"https:\/\/gundem44.com.tr\/index.php?rest_route=%2Fwp%2Fv2%2Fmedia&parent=1021"}],"wp:term":[{"taxonomy":"category","embeddable":true,"href":"https:\/\/gundem44.com.tr\/index.php?rest_route=%2Fwp%2Fv2%2Fcategories&post=1021"},{"taxonomy":"post_tag","embeddable":true,"href":"https:\/\/gundem44.com.tr\/index.php?rest_route=%2Fwp%2Fv2%2Ftags&post=1021"}],"curies":[{"name":"wp","href":"https:\/\/api.w.org\/{rel}","templated":true}]}}