{"id":1015,"date":"2026-07-02T20:25:28","date_gmt":"2026-07-02T20:25:28","guid":{"rendered":"https:\/\/gundem44.com.tr\/?p=1015"},"modified":"2026-07-02T20:25:28","modified_gmt":"2026-07-02T20:25:28","slug":"malatyada-otomobil-kazasi-3-yarali","status":"publish","type":"post","link":"https:\/\/gundem44.com.tr\/?p=1015","title":{"rendered":"Malatya&#8217;da Otomobil Kazas\u0131: 3 Yaral\u0131"},"content":{"rendered":"\n<p class=\"wp-block-paragraph\">Malatya&#8217;da iki otomobilin \u00e7arp\u0131\u015ft\u0131\u011f\u0131 kazada 3 ki\u015fi yaraland\u0131, vatanda\u015flar yaral\u0131lar\u0131 kurtard\u0131.<\/p>\n\n\n\n<p class=\"wp-block-paragraph\"><a href=\"https:\/\/www.sondakika.com\/malatya\/\">Malatya<\/a>&#8216;da iki otomobilin altge\u00e7itte \u00e7arp\u0131\u015ft\u0131\u011f\u0131 kazada 3 ki\u015fi yaraland\u0131. Ters d\u00f6nen ara\u00e7taki yaral\u0131lar\u0131 vatanda\u015flar kurtard\u0131.<\/p>\n\n\n\n<p class=\"wp-block-paragraph\">Kaza, saat 09.15 s\u0131ralar\u0131nda Malatya-Elaz\u0131\u011f kara yolu \u00fczerindeki Battalgazi Altge\u00e7idi mevkiinde meydana geldi. Edinilen bilgilere g\u00f6re, Elaz\u0131\u011f y\u00f6n\u00fcnden gelen 44 AGB 162 plakal\u0131 otomobil ile ayn\u0131 y\u00f6ne seyreden 06 EAZ 116 plakal\u0131 otomobil \u00e7arp\u0131\u015ft\u0131. \u00c7arp\u0131\u015fman\u0131n etkisiyle savrulan ara\u00e7lardan biri ref\u00fcje \u00e7arparak ters d\u00f6nerken, ara\u00e7ta s\u0131k\u0131\u015fan 3 yaral\u0131 \u00e7evredeki vatanda\u015flar\u0131n m\u00fcdahalesiyle \u00e7\u0131kar\u0131ld\u0131. \u0130hbar \u00fczerine olay yerine polis ile sa\u011fl\u0131k ekipleri sevk edildi. Sa\u011fl\u0131k ekiplerinin olay yerindeki ilk m\u00fcdahalesinin ard\u0131ndan yaral\u0131lar ambulanslarla hastaneye kald\u0131r\u0131ld\u0131.<\/p>\n\n\n\n<p class=\"wp-block-paragraph\">Kazayla ilgili inceleme ba\u015flat\u0131ld\u0131.<\/p>\n","protected":false},"excerpt":{"rendered":"<p>Malatya&#8217;da iki otomobilin \u00e7arp\u0131\u015ft\u0131\u011f\u0131 kazada 3 ki\u015fi yaraland\u0131, vatanda\u015flar yaral\u0131lar\u0131 kurtard\u0131. Malatya&#8216;da iki otomobilin altge\u00e7itte&#8230;<\/p>\n","protected":false},"author":1,"featured_media":1016,"comment_status":"open","ping_status":"open","sticky":false,"template":"","format":"standard","meta":{"footnotes":""},"categories":[18],"tags":[],"class_list":["post-1015","post","type-post","status-publish","format-standard","has-post-thumbnail","hentry","category-guncel"],"_links":{"self":[{"href":"https:\/\/gundem44.com.tr\/index.php?rest_route=\/wp\/v2\/posts\/1015","targetHints":{"allow":["GET"]}}],"collection":[{"href":"https:\/\/gundem44.com.tr\/index.php?rest_route=\/wp\/v2\/posts"}],"about":[{"href":"https:\/\/gundem44.com.tr\/index.php?rest_route=\/wp\/v2\/types\/post"}],"author":[{"embeddable":true,"href":"https:\/\/gundem44.com.tr\/index.php?rest_route=\/wp\/v2\/users\/1"}],"replies":[{"embeddable":true,"href":"https:\/\/gundem44.com.tr\/index.php?rest_route=%2Fwp%2Fv2%2Fcomments&post=1015"}],"version-history":[{"count":1,"href":"https:\/\/gundem44.com.tr\/index.php?rest_route=\/wp\/v2\/posts\/1015\/revisions"}],"predecessor-version":[{"id":1017,"href":"https:\/\/gundem44.com.tr\/index.php?rest_route=\/wp\/v2\/posts\/1015\/revisions\/1017"}],"wp:featuredmedia":[{"embeddable":true,"href":"https:\/\/gundem44.com.tr\/index.php?rest_route=\/wp\/v2\/media\/1016"}],"wp:attachment":[{"href":"https:\/\/gundem44.com.tr\/index.php?rest_route=%2Fwp%2Fv2%2Fmedia&parent=1015"}],"wp:term":[{"taxonomy":"category","embeddable":true,"href":"https:\/\/gundem44.com.tr\/index.php?rest_route=%2Fwp%2Fv2%2Fcategories&post=1015"},{"taxonomy":"post_tag","embeddable":true,"href":"https:\/\/gundem44.com.tr\/index.php?rest_route=%2Fwp%2Fv2%2Ftags&post=1015"}],"curies":[{"name":"wp","href":"https:\/\/api.w.org\/{rel}","templated":true}]}}