{"id":1012,"date":"2026-07-02T20:24:20","date_gmt":"2026-07-02T20:24:20","guid":{"rendered":"https:\/\/gundem44.com.tr\/?p=1012"},"modified":"2026-07-02T20:24:20","modified_gmt":"2026-07-02T20:24:20","slug":"depremde-hasar-goren-150-yillik-tarihi-hamam-yeniden-ayaga-kaldiriliyor","status":"publish","type":"post","link":"https:\/\/gundem44.com.tr\/?p=1012","title":{"rendered":"Depremde hasar g\u00f6ren 150 y\u0131ll\u0131k tarihi hamam yeniden aya\u011fa kald\u0131r\u0131l\u0131yor"},"content":{"rendered":"\n<p class=\"wp-block-paragraph\">Kahramanmara\u015f merkezli 6 \u015eubat depremlerinde a\u011f\u0131r hasar g\u00f6ren Malatya&#8217;n\u0131n 150 y\u0131ll\u0131k tarihi Belediye Hamam\u0131&#8217;nda restorasyon \u00e7al\u0131\u015fmalar\u0131 s\u00fcr\u00fcyor. 126 milyon liral\u0131k yat\u0131r\u0131mla asl\u0131na uygun \u015fekilde yenilenen yap\u0131n\u0131n 2027&#8217;de hizmete a\u00e7\u0131lmas\u0131 hedefleniyor.<\/p>\n\n\n\n<p class=\"wp-block-paragraph\"><a href=\"https:\/\/www.sondakika.com\/kahramanmaras\/\">Kahramanmara\u015f<\/a>&nbsp;merkezli 6 \u015eubat depremlerinde a\u011f\u0131r hasar g\u00f6ren&nbsp;<a href=\"https:\/\/www.sondakika.com\/malatya\/\">Malatya<\/a>&#8216;n\u0131n yakla\u015f\u0131k 150 y\u0131ll\u0131k tarihi Belediye Hamam\u0131&#8217;nda restorasyon \u00e7al\u0131\u015fmalar\u0131 s\u00fcr\u00fcyor. Kentin k\u00fclt\u00fcrel miras\u0131 aras\u0131nda yer alan tarihi yap\u0131n\u0131n 2027 y\u0131l\u0131nda yeniden vatanda\u015flar\u0131n hizmetine a\u00e7\u0131lmas\u0131 hedefleniyor.<\/p>\n\n\n\n<p class=\"wp-block-paragraph\">6 \u015eubat 2023 depremlerinde Malatya&#8217;da Teze (Yeni) Cami ba\u015fta olmak \u00fczere \u00e7ok say\u0131da tescilli k\u00fclt\u00fcr varl\u0131\u011f\u0131 zarar g\u00f6rd\u00fc. Depremlerin ard\u0131ndan ba\u015flat\u0131lan restorasyon \u00e7al\u0131\u015fmalar\u0131 kapsam\u0131nda Yeni Cami&#8217;de sona yakla\u015f\u0131l\u0131rken, camiye gelir sa\u011flamak amac\u0131yla 1873 y\u0131l\u0131nda in\u015fa edilen tarihi Belediye Hamam\u0131&#8217;nda da \u00e7al\u0131\u015fmalar t\u00fcm h\u0131z\u0131yla devam ediyor. Yakla\u015f\u0131k 150 y\u0131ll\u0131k ge\u00e7mi\u015fe sahip olan tarihi hamam, ta\u015f mimarisi ve kent belle\u011findeki yeriyle Malatya&#8217;n\u0131n simge yap\u0131lar\u0131 aras\u0131nda bulunuyor. Depremde a\u011f\u0131r hasar g\u00f6ren yap\u0131, asl\u0131na uygun \u015fekilde restore edilerek yeniden aya\u011fa kald\u0131r\u0131l\u0131yor.<\/p>\n\n\n\n<p class=\"wp-block-paragraph\">Restorasyon \u00e7al\u0131\u015fmalar\u0131 hakk\u0131nda a\u00e7\u0131klamalarda bulunan AK Parti Malatya Milletvekili B\u00fclent T\u00fcfenkci, tarihi yap\u0131n\u0131n Malatya&#8217;n\u0131n haf\u0131zas\u0131nda \u00f6nemli bir yere sahip oldu\u011funu s\u00f6yledi. Depremin ard\u0131ndan yap\u0131n\u0131n yeniden aya\u011fa kald\u0131r\u0131lmas\u0131 y\u00f6n\u00fcnde yo\u011fun talep olu\u015ftu\u011funu ifade eden T\u00fcfenkci, &#8220;Malatya&#8217;n\u0131n simge yap\u0131lar\u0131ndan biri olan yakla\u015f\u0131k 150 y\u0131ll\u0131k Belediye Hamam\u0131&#8217;n\u0131n y\u0131k\u0131l\u0131p gitmesine hem\u015fehrilerimizin g\u00f6nl\u00fc raz\u0131 olmad\u0131. Bu do\u011frultuda yakla\u015f\u0131k 126 milyon liral\u0131k yat\u0131r\u0131mla restorasyon \u00e7al\u0131\u015fmalar\u0131n\u0131 ba\u015flatt\u0131k. \u00c7al\u0131\u015fmalar planland\u0131\u011f\u0131 \u015fekilde ilerliyor. M\u00fcteahhit firman\u0131n verdi\u011fi bilgiye g\u00f6re yap\u0131n\u0131n 2026 y\u0131l\u0131 Aral\u0131k ay\u0131nda tamamlanmas\u0131, 2027 y\u0131l\u0131 itibar\u0131yla da yeniden vatanda\u015flar\u0131m\u0131z\u0131n hizmetine sunulmas\u0131 hedefleniyor&#8221; dedi.<\/p>\n\n\n\n<p class=\"wp-block-paragraph\">Kent merkezinde s\u00fcrd\u00fcr\u00fclen \u00e7ar\u015f\u0131 projesiyle birlikte tarihi yap\u0131lar\u0131n da korunmas\u0131na \u00f6nem verdiklerini belirten T\u00fcfenkci, &#8220;Modern \u00e7ar\u015f\u0131 in\u015fa edilirken Malatya&#8217;n\u0131n haf\u0131zas\u0131n\u0131 olu\u015fturan Yeni Cami ve Belediye Hamam\u0131 gibi eserleri de gelece\u011fe ta\u015f\u0131yoruz. Bu tarihi yap\u0131lar tamamland\u0131\u011f\u0131nda hem ticaret yeniden canlanacak hem de Malatya, tarihini koruyan modern bir kent merkezine kavu\u015facak&#8221; diye konu\u015ftu.<\/p>\n","protected":false},"excerpt":{"rendered":"<p>Kahramanmara\u015f merkezli 6 \u015eubat depremlerinde a\u011f\u0131r hasar g\u00f6ren Malatya&#8217;n\u0131n 150 y\u0131ll\u0131k tarihi Belediye Hamam\u0131&#8217;nda restorasyon&#8230;<\/p>\n","protected":false},"author":1,"featured_media":1013,"comment_status":"open","ping_status":"open","sticky":false,"template":"","format":"standard","meta":{"footnotes":""},"categories":[18],"tags":[],"class_list":["post-1012","post","type-post","status-publish","format-standard","has-post-thumbnail","hentry","category-guncel"],"_links":{"self":[{"href":"https:\/\/gundem44.com.tr\/index.php?rest_route=\/wp\/v2\/posts\/1012","targetHints":{"allow":["GET"]}}],"collection":[{"href":"https:\/\/gundem44.com.tr\/index.php?rest_route=\/wp\/v2\/posts"}],"about":[{"href":"https:\/\/gundem44.com.tr\/index.php?rest_route=\/wp\/v2\/types\/post"}],"author":[{"embeddable":true,"href":"https:\/\/gundem44.com.tr\/index.php?rest_route=\/wp\/v2\/users\/1"}],"replies":[{"embeddable":true,"href":"https:\/\/gundem44.com.tr\/index.php?rest_route=%2Fwp%2Fv2%2Fcomments&post=1012"}],"version-history":[{"count":1,"href":"https:\/\/gundem44.com.tr\/index.php?rest_route=\/wp\/v2\/posts\/1012\/revisions"}],"predecessor-version":[{"id":1014,"href":"https:\/\/gundem44.com.tr\/index.php?rest_route=\/wp\/v2\/posts\/1012\/revisions\/1014"}],"wp:featuredmedia":[{"embeddable":true,"href":"https:\/\/gundem44.com.tr\/index.php?rest_route=\/wp\/v2\/media\/1013"}],"wp:attachment":[{"href":"https:\/\/gundem44.com.tr\/index.php?rest_route=%2Fwp%2Fv2%2Fmedia&parent=1012"}],"wp:term":[{"taxonomy":"category","embeddable":true,"href":"https:\/\/gundem44.com.tr\/index.php?rest_route=%2Fwp%2Fv2%2Fcategories&post=1012"},{"taxonomy":"post_tag","embeddable":true,"href":"https:\/\/gundem44.com.tr\/index.php?rest_route=%2Fwp%2Fv2%2Ftags&post=1012"}],"curies":[{"name":"wp","href":"https:\/\/api.w.org\/{rel}","templated":true}]}}