{"id":1009,"date":"2026-07-02T20:23:02","date_gmt":"2026-07-02T20:23:02","guid":{"rendered":"https:\/\/gundem44.com.tr\/?p=1009"},"modified":"2026-07-02T20:23:02","modified_gmt":"2026-07-02T20:23:02","slug":"dogansehirde-asure-etkinligi","status":"publish","type":"post","link":"https:\/\/gundem44.com.tr\/?p=1009","title":{"rendered":"Do\u011fan\u015fehir&#8217;de A\u015fure Etkinli\u011fi"},"content":{"rendered":"\n<p class=\"wp-block-paragraph\">Muharrem ay\u0131 dolay\u0131s\u0131yla Do\u011fan\u015fehir Cemevi&#8217;nde a\u015fure lokmas\u0131 etkinli\u011fi d\u00fczenlendi.<\/p>\n\n\n\n<p class=\"wp-block-paragraph\"><a href=\"https:\/\/www.sondakika.com\/malatya\/\">Malatya<\/a>&#8216;n\u0131n&nbsp;<a href=\"https:\/\/www.sondakika.com\/dogansehir\/\">Do\u011fan\u015fehir<\/a>&nbsp;il\u00e7esinde muharrem ay\u0131 dolay\u0131s\u0131yla cemevinde a\u015fure lokmas\u0131 etkinli\u011fi yap\u0131ld\u0131.<\/p>\n\n\n\n<p class=\"wp-block-paragraph\">Do\u011fan\u015fehir Cemevi&#8217;nde d\u00fczenlenen etkinlikte konu\u015fan Do\u011fan\u015fehir Kaymakam\u0131 Ahmet Fatih Sungur, muharrem ay\u0131n\u0131n ta\u015f\u0131d\u0131\u011f\u0131 manevi de\u011fere dikkati \u00e7ekerek \u015funlar\u0131 kaydetti:<\/p>\n\n\n\n<p class=\"wp-block-paragraph\">&#8220;Muharrem ay\u0131, birli\u011fimizi, beraberli\u011fimizi, karde\u015fli\u011fimizi, payla\u015fma ve dayan\u0131\u015fma duygular\u0131m\u0131z\u0131 en \u00fcst seviyede peki\u015ftiren m\u00fcstesna bir zaman dilimidir. Bug\u00fcn burada bir arada olmam\u0131z, toplumumuzun sars\u0131lmaz ba\u011flar\u0131n\u0131n en g\u00fczel g\u00f6stergesidir. Toplumumuzun huzur, bar\u0131\u015f ve dayan\u0131\u015fmas\u0131n\u0131n daim olmas\u0131n\u0131 temenni ediyorum. Program\u0131n d\u00fczenlenmesinde eme\u011fi ge\u00e7en herkese te\u015fekk\u00fcr ediyor, muharrem ay\u0131n\u0131n il\u00e7emize, \u00fclkemize ve t\u00fcm \u0130slam alemine sa\u011fl\u0131k, huzur, bereket ve karde\u015flik getirmesini diliyorum.&#8221;<\/p>\n\n\n\n<p class=\"wp-block-paragraph\">Do\u011fan\u015fehir Cemevi Dernek Ba\u015fkan\u0131 Aziz Arslan ise a\u015fure program\u0131na kat\u0131lan konuklara te\u015fekk\u00fcr ederek, cemevinin yap\u0131m s\u00fcrecine de\u011findi.<\/p>\n\n\n\n<p class=\"wp-block-paragraph\">Arslan, Do\u011fan\u015fehir Cemevi&#8217;nin il\u00e7eye kazand\u0131r\u0131lmas\u0131nda maddi ve manevi eme\u011fi ge\u00e7en, desteklerini esirgemeyen t\u00fcm i\u015f insanlar\u0131na ve hay\u0131rseverlere te\u015fekk\u00fcr etti.<\/p>\n\n\n\n<p class=\"wp-block-paragraph\">Dualar e\u015fli\u011finde kaynat\u0131lan a\u015fure lokmalar\u0131n\u0131n konuklara ikram edilmesiyle devam eden programa, Do\u011fan\u015fehir Belediye Ba\u015fkan\u0131 Mehmet Bayram, Cem Vakf\u0131 Malatya \u015eube Ba\u015fkan\u0131 E\u015fref Do\u011fan, Malatya Ticaret ve Sanayi Odas\u0131 Ba\u015fkan\u0131 O\u011fuzhan Ata Sad\u0131ko\u011flu, kurum amirleri, siyasi partilerin il\u00e7e ba\u015fkanlar\u0131, sivil toplum kurulu\u015flar\u0131n\u0131n temsilcileri, mahalle muhtarlar\u0131 ve \u00e7ok say\u0131da vatanda\u015f kat\u0131ld\u0131.<\/p>\n","protected":false},"excerpt":{"rendered":"<p>Muharrem ay\u0131 dolay\u0131s\u0131yla Do\u011fan\u015fehir Cemevi&#8217;nde a\u015fure lokmas\u0131 etkinli\u011fi d\u00fczenlendi. Malatya&#8216;n\u0131n&nbsp;Do\u011fan\u015fehir&nbsp;il\u00e7esinde muharrem ay\u0131 dolay\u0131s\u0131yla cemevinde a\u015fure&#8230;<\/p>\n","protected":false},"author":1,"featured_media":1010,"comment_status":"open","ping_status":"open","sticky":false,"template":"","format":"standard","meta":{"footnotes":""},"categories":[27],"tags":[],"class_list":["post-1009","post","type-post","status-publish","format-standard","has-post-thumbnail","hentry","category-dogansehir"],"_links":{"self":[{"href":"https:\/\/gundem44.com.tr\/index.php?rest_route=\/wp\/v2\/posts\/1009","targetHints":{"allow":["GET"]}}],"collection":[{"href":"https:\/\/gundem44.com.tr\/index.php?rest_route=\/wp\/v2\/posts"}],"about":[{"href":"https:\/\/gundem44.com.tr\/index.php?rest_route=\/wp\/v2\/types\/post"}],"author":[{"embeddable":true,"href":"https:\/\/gundem44.com.tr\/index.php?rest_route=\/wp\/v2\/users\/1"}],"replies":[{"embeddable":true,"href":"https:\/\/gundem44.com.tr\/index.php?rest_route=%2Fwp%2Fv2%2Fcomments&post=1009"}],"version-history":[{"count":1,"href":"https:\/\/gundem44.com.tr\/index.php?rest_route=\/wp\/v2\/posts\/1009\/revisions"}],"predecessor-version":[{"id":1011,"href":"https:\/\/gundem44.com.tr\/index.php?rest_route=\/wp\/v2\/posts\/1009\/revisions\/1011"}],"wp:featuredmedia":[{"embeddable":true,"href":"https:\/\/gundem44.com.tr\/index.php?rest_route=\/wp\/v2\/media\/1010"}],"wp:attachment":[{"href":"https:\/\/gundem44.com.tr\/index.php?rest_route=%2Fwp%2Fv2%2Fmedia&parent=1009"}],"wp:term":[{"taxonomy":"category","embeddable":true,"href":"https:\/\/gundem44.com.tr\/index.php?rest_route=%2Fwp%2Fv2%2Fcategories&post=1009"},{"taxonomy":"post_tag","embeddable":true,"href":"https:\/\/gundem44.com.tr\/index.php?rest_route=%2Fwp%2Fv2%2Ftags&post=1009"}],"curies":[{"name":"wp","href":"https:\/\/api.w.org\/{rel}","templated":true}]}}