{"id":1006,"date":"2026-07-02T20:20:35","date_gmt":"2026-07-02T20:20:35","guid":{"rendered":"https:\/\/gundem44.com.tr\/?p=1006"},"modified":"2026-07-02T20:20:35","modified_gmt":"2026-07-02T20:20:35","slug":"malatyada-kayisi-hasadi-devam-ediyor","status":"publish","type":"post","link":"https:\/\/gundem44.com.tr\/?p=1006","title":{"rendered":"Malatya&#8217;da Kay\u0131s\u0131 Hasad\u0131 Devam Ediyor"},"content":{"rendered":"\n<p class=\"wp-block-paragraph\">Malatya, &#8216;D\u00fcnya kay\u0131s\u0131 ba\u015fkenti&#8217; unvan\u0131yla kay\u0131s\u0131 hasad\u0131na ba\u015flad\u0131, ihracat art\u0131\u015f\u0131 bekleniyor.<\/p>\n\n\n\n<p class=\"wp-block-paragraph\">T\u00fcrkiye&#8217;nin Avrupa Birli\u011fi (AB) nezdinde tesciliyle &#8220;<a href=\"https:\/\/www.sondakika.com\/dunya\/\">D\u00fcnya<\/a>&nbsp;kay\u0131s\u0131 ba\u015fkenti&#8221; olarak an\u0131lan&nbsp;<a href=\"https:\/\/www.sondakika.com\/malatya\/\">Malatya<\/a>&#8216;da kay\u0131s\u0131 hasad\u0131 s\u00fcr\u00fcyor.<\/p>\n\n\n\n<p class=\"wp-block-paragraph\">Malatya Ticaret Borsas\u0131 (MTB) Ba\u015fkan\u0131 Ramazan \u00d6zcan, Kale il\u00e7esi Meydanc\u0131k Mahallesi&#8217;nde kay\u0131s\u0131 hasad\u0131 yapan \u00fcreticileri ziyaret etti.<\/p>\n\n\n\n<p class=\"wp-block-paragraph\">\u00d6zcan, gazetecilere, 2025 y\u0131l\u0131 nisan ay\u0131nda ya\u015fanan zirai donun olumsuz etkilerini kald\u0131rmak i\u00e7in yo\u011fun mesai harcand\u0131\u011f\u0131n\u0131 ifade etti.<\/p>\n\n\n\n<p class=\"wp-block-paragraph\">Kay\u0131s\u0131daki hasad\u0131n birka\u00e7 g\u00fcn \u00f6nce ba\u015flad\u0131\u011f\u0131n\u0131 an\u0131msatan \u00d6zcan, &#8220;\u00c7ok mutluyuz. \u015eu anda Malatya&#8217;m\u0131z\u0131n Kale il\u00e7esi Meydanc\u0131k Mahallesi&#8217;nde bir taraftan \u00fcreticimiz, bir taraftan onlar\u0131n \u00e7al\u0131\u015fma arkada\u015flar\u0131, ihracat\u00e7\u0131lar\u0131m\u0131z hummal\u0131 bir \u00e7al\u0131\u015fma y\u00fcr\u00fcyor. Buradan fabrikalara ve i\u015fletmelere ta\u015f\u0131nan \u00fcr\u00fcnler de orada ihracata haz\u0131rlan\u0131yor.&#8221; dedi.<\/p>\n\n\n\n<p class=\"wp-block-paragraph\">\u00d6zcan, so\u011fuk zincirle d\u00fcnyan\u0131n d\u00f6rt bir yan\u0131na art\u0131k ya\u015f kay\u0131s\u0131 ihracat\u0131 ger\u00e7ekle\u015ftirdiklerini s\u00f6yledi.<\/p>\n\n\n\n<p class=\"wp-block-paragraph\">Bu y\u0131l her b\u00f6lgede hasat yap\u0131lmas\u0131n\u0131 umut ettiklerini anlatan \u00d6zcan, yak\u0131n zamanda kuru kay\u0131s\u0131da da hasad\u0131n tamamlanaca\u011f\u0131n\u0131 ve a\u011fustos ay\u0131nda kuru kay\u0131s\u0131 ihracat\u0131n\u0131 da ba\u015flatm\u0131\u015f olacaklar\u0131n\u0131 dile getirerek, &#8220;Hem kuru kay\u0131s\u0131 ihracat\u0131nda hem ya\u015f kay\u0131s\u0131 ihracat\u0131nda bu y\u0131l \u00e7ok y\u00fcksek miktarda bir ekonomik gelir elde edece\u011fimizi d\u00fc\u015f\u00fcn\u00fcyoruz.&#8221; diye konu\u015ftu.<\/p>\n\n\n\n<p class=\"wp-block-paragraph\">\u0130hracat\u00e7\u0131 Ali Deniz Vural ise \u00fcreticiden ald\u0131klar\u0131 ya\u015f kay\u0131s\u0131lar\u0131 Almanya, Hollanda ve Fransa&#8217;ya ihra\u00e7 ettiklerini kaydetti.<\/p>\n","protected":false},"excerpt":{"rendered":"<p>Malatya, &#8216;D\u00fcnya kay\u0131s\u0131 ba\u015fkenti&#8217; unvan\u0131yla kay\u0131s\u0131 hasad\u0131na ba\u015flad\u0131, ihracat art\u0131\u015f\u0131 bekleniyor. T\u00fcrkiye&#8217;nin Avrupa Birli\u011fi (AB)&#8230;<\/p>\n","protected":false},"author":1,"featured_media":1007,"comment_status":"open","ping_status":"open","sticky":false,"template":"","format":"standard","meta":{"footnotes":""},"categories":[18],"tags":[],"class_list":["post-1006","post","type-post","status-publish","format-standard","has-post-thumbnail","hentry","category-guncel"],"_links":{"self":[{"href":"https:\/\/gundem44.com.tr\/index.php?rest_route=\/wp\/v2\/posts\/1006","targetHints":{"allow":["GET"]}}],"collection":[{"href":"https:\/\/gundem44.com.tr\/index.php?rest_route=\/wp\/v2\/posts"}],"about":[{"href":"https:\/\/gundem44.com.tr\/index.php?rest_route=\/wp\/v2\/types\/post"}],"author":[{"embeddable":true,"href":"https:\/\/gundem44.com.tr\/index.php?rest_route=\/wp\/v2\/users\/1"}],"replies":[{"embeddable":true,"href":"https:\/\/gundem44.com.tr\/index.php?rest_route=%2Fwp%2Fv2%2Fcomments&post=1006"}],"version-history":[{"count":1,"href":"https:\/\/gundem44.com.tr\/index.php?rest_route=\/wp\/v2\/posts\/1006\/revisions"}],"predecessor-version":[{"id":1008,"href":"https:\/\/gundem44.com.tr\/index.php?rest_route=\/wp\/v2\/posts\/1006\/revisions\/1008"}],"wp:featuredmedia":[{"embeddable":true,"href":"https:\/\/gundem44.com.tr\/index.php?rest_route=\/wp\/v2\/media\/1007"}],"wp:attachment":[{"href":"https:\/\/gundem44.com.tr\/index.php?rest_route=%2Fwp%2Fv2%2Fmedia&parent=1006"}],"wp:term":[{"taxonomy":"category","embeddable":true,"href":"https:\/\/gundem44.com.tr\/index.php?rest_route=%2Fwp%2Fv2%2Fcategories&post=1006"},{"taxonomy":"post_tag","embeddable":true,"href":"https:\/\/gundem44.com.tr\/index.php?rest_route=%2Fwp%2Fv2%2Ftags&post=1006"}],"curies":[{"name":"wp","href":"https:\/\/api.w.org\/{rel}","templated":true}]}}