{"id":1002,"date":"2026-07-02T20:18:44","date_gmt":"2026-07-02T20:18:44","guid":{"rendered":"https:\/\/gundem44.com.tr\/?p=1002"},"modified":"2026-07-02T20:18:44","modified_gmt":"2026-07-02T20:18:44","slug":"malatyada-baraka-yangini-hayvanlar-kurtarildi","status":"publish","type":"post","link":"https:\/\/gundem44.com.tr\/?p=1002","title":{"rendered":"Malatya&#8217;da Baraka Yang\u0131n\u0131: Hayvanlar Kurtar\u0131ld\u0131"},"content":{"rendered":"\n<p class=\"wp-block-paragraph\">Do\u011fan\u015fehir&#8217;deki barakada \u00e7\u0131kan yang\u0131nda 40 k\u00fc\u00e7\u00fckba\u015f hayvan kurtar\u0131ld\u0131, baraka kullan\u0131lamaz hale geldi.<\/p>\n\n\n\n<p class=\"wp-block-paragraph\"><a href=\"https:\/\/www.sondakika.com\/malatya\/\">Malatya<\/a>&#8216;n\u0131n&nbsp;<a href=\"https:\/\/www.sondakika.com\/dogansehir\/\">Do\u011fan\u015fehir<\/a>&nbsp;il\u00e7esinde yanan baraka kullan\u0131lamaz hale geldi.<\/p>\n\n\n\n<p class=\"wp-block-paragraph\">G\u00fcnedo\u011fru Mahallesi&#8217;nde Hanifi Akba\u015f, deprem sonras\u0131 yapt\u0131\u011f\u0131 barakada s\u00fct \u0131s\u0131tmak \u00fczere sobay\u0131 yakt\u0131.<\/p>\n\n\n\n<p class=\"wp-block-paragraph\">Sobadan \u00e7\u0131kt\u0131\u011f\u0131 tahmin edilen yang\u0131n k\u0131sa s\u00fcrede barakay\u0131 sard\u0131.<\/p>\n\n\n\n<p class=\"wp-block-paragraph\">\u00c7evredekilerin ihbar\u0131yla olay yerine Malatya B\u00fcy\u00fck\u015fehir Belediyesi itfaiye ekipleri sevk edildi.<\/p>\n\n\n\n<p class=\"wp-block-paragraph\">Yang\u0131n s\u0131ras\u0131nda barakan\u0131n yan\u0131ndaki ah\u0131rda bulunan 40 k\u00fc\u00e7\u00fckba\u015f hayvan, G\u00fcnedo\u011fru Mahalle Muhtar\u0131 M\u00fcnir Akba\u015f ve mahalle sakinlerinin deste\u011fiyle d\u0131\u015far\u0131 \u00e7\u0131kar\u0131larak kurtar\u0131ld\u0131.<\/p>\n\n\n\n<p class=\"wp-block-paragraph\">\u0130tfaiye ekiplerinin m\u00fcdahalesiyle kontrol alt\u0131na al\u0131nan yang\u0131n s\u00f6nd\u00fcr\u00fcl\u00fcrken, baraka kullan\u0131lamaz hale geldi.<\/p>\n\n\n\n<p class=\"wp-block-paragraph\">Yang\u0131n\u0131 s\u00f6nd\u00fcrme \u00e7al\u0131\u015fmalar\u0131na Do\u011fan\u015fehir Belediyesi ekipleri de i\u015f makineleriyle destek verdi.<\/p>\n","protected":false},"excerpt":{"rendered":"<p>Do\u011fan\u015fehir&#8217;deki barakada \u00e7\u0131kan yang\u0131nda 40 k\u00fc\u00e7\u00fckba\u015f hayvan kurtar\u0131ld\u0131, baraka kullan\u0131lamaz hale geldi. Malatya&#8216;n\u0131n&nbsp;Do\u011fan\u015fehir&nbsp;il\u00e7esinde yanan baraka&#8230;<\/p>\n","protected":false},"author":1,"featured_media":1003,"comment_status":"open","ping_status":"open","sticky":false,"template":"","format":"standard","meta":{"footnotes":""},"categories":[27],"tags":[],"class_list":["post-1002","post","type-post","status-publish","format-standard","has-post-thumbnail","hentry","category-dogansehir"],"_links":{"self":[{"href":"https:\/\/gundem44.com.tr\/index.php?rest_route=\/wp\/v2\/posts\/1002","targetHints":{"allow":["GET"]}}],"collection":[{"href":"https:\/\/gundem44.com.tr\/index.php?rest_route=\/wp\/v2\/posts"}],"about":[{"href":"https:\/\/gundem44.com.tr\/index.php?rest_route=\/wp\/v2\/types\/post"}],"author":[{"embeddable":true,"href":"https:\/\/gundem44.com.tr\/index.php?rest_route=\/wp\/v2\/users\/1"}],"replies":[{"embeddable":true,"href":"https:\/\/gundem44.com.tr\/index.php?rest_route=%2Fwp%2Fv2%2Fcomments&post=1002"}],"version-history":[{"count":1,"href":"https:\/\/gundem44.com.tr\/index.php?rest_route=\/wp\/v2\/posts\/1002\/revisions"}],"predecessor-version":[{"id":1004,"href":"https:\/\/gundem44.com.tr\/index.php?rest_route=\/wp\/v2\/posts\/1002\/revisions\/1004"}],"wp:featuredmedia":[{"embeddable":true,"href":"https:\/\/gundem44.com.tr\/index.php?rest_route=\/wp\/v2\/media\/1003"}],"wp:attachment":[{"href":"https:\/\/gundem44.com.tr\/index.php?rest_route=%2Fwp%2Fv2%2Fmedia&parent=1002"}],"wp:term":[{"taxonomy":"category","embeddable":true,"href":"https:\/\/gundem44.com.tr\/index.php?rest_route=%2Fwp%2Fv2%2Fcategories&post=1002"},{"taxonomy":"post_tag","embeddable":true,"href":"https:\/\/gundem44.com.tr\/index.php?rest_route=%2Fwp%2Fv2%2Ftags&post=1002"}],"curies":[{"name":"wp","href":"https:\/\/api.w.org\/{rel}","templated":true}]}}