{"id":1000,"date":"2026-07-02T20:17:17","date_gmt":"2026-07-02T20:17:17","guid":{"rendered":"https:\/\/gundem44.com.tr\/?p=1000"},"modified":"2026-07-02T20:17:17","modified_gmt":"2026-07-02T20:17:17","slug":"darendede-142-deprem-konutu-teslim-edildi","status":"publish","type":"post","link":"https:\/\/gundem44.com.tr\/?p=1000","title":{"rendered":"Darende&#8217;de 142 deprem konutu teslim edildi"},"content":{"rendered":"\n<p class=\"wp-block-paragraph\">Malatya&#8217;n\u0131n Darende il\u00e7esi Balaban Mahallesi&#8217;nde TOK\u0130 taraf\u0131ndan yap\u0131lan 142 deprem konutu ve 2 d\u00fckkandan olu\u015fan ticaret merkezi, hak sahiplerine teslim edilmeye ba\u015fland\u0131. Anahtarlar\u0131n\u0131 alan vatanda\u015flar mutluluklar\u0131n\u0131 dile getirdi.<\/p>\n\n\n\n<p class=\"wp-block-paragraph\"><a href=\"https:\/\/www.sondakika.com\/malatya\/\">Malatya<\/a>&#8216;n\u0131n&nbsp;<a href=\"https:\/\/www.sondakika.com\/darende\/\">Darende<\/a>&nbsp;il\u00e7esi&nbsp;<a href=\"https:\/\/www.sondakika.com\/balaban\/\">Balaban<\/a>&nbsp;Mahallesi&#8217;nde yap\u0131m\u0131 tamamlanan 142 deprem konutunun hak sahiplerine teslimine ba\u015fland\u0131.<\/p>\n\n\n\n<p class=\"wp-block-paragraph\">Mahallede 142 konut ile 2 d\u00fckkandan olu\u015fan ticaret merkezi, altyap\u0131 ve \u00e7evre d\u00fczenleme \u00e7al\u0131\u015fmalar\u0131yla birlikte tamamlanarak teslim ediliyor.<\/p>\n\n\n\n<p class=\"wp-block-paragraph\">Toplu Konut \u0130daresi Ba\u015fkanl\u0131\u011f\u0131nca (TOK\u0130) yap\u0131lan konutlar\u0131n teslim i\u015flemleri, 29 Haziran-5 Temmuz&#8217;da y\u00fcklenici firma taraf\u0131ndan \u015fantiye alan\u0131nda ger\u00e7ekle\u015ftiriliyor.<\/p>\n\n\n\n<p class=\"wp-block-paragraph\">Anahtarlar\u0131n\u0131 teslim alan hak sahipleri, yeni evlerine kavu\u015fman\u0131n mutlulu\u011funu ya\u015fad\u0131.<\/p>\n\n\n\n<p class=\"wp-block-paragraph\">Balaban Mahallesi Muhtar\u0131 H\u00fcseyin G\u00fclseren, ba\u015fta Cumhurba\u015fkan\u0131 Recep Tayyip Erdo\u011fan olmak \u00fczere t\u00fcm yetkililere te\u015fekk\u00fcr etti.<\/p>\n\n\n\n<p class=\"wp-block-paragraph\">Hak sahiplerinden Ay\u015fe Aslan da &#8220;Allah devletimizden raz\u0131 olsun. Evler ger\u00e7ekten de \u00e7ok g\u00fczel olmu\u015f.&#8221; dedi.<\/p>\n\n\n\n<p class=\"wp-block-paragraph\">Mehmet Kara ise yeni konutlar\u0131na kavu\u015fman\u0131n sevincini ya\u015fad\u0131klar\u0131n\u0131 belirtti.<\/p>\n","protected":false},"excerpt":{"rendered":"<p>Malatya&#8217;n\u0131n Darende il\u00e7esi Balaban Mahallesi&#8217;nde TOK\u0130 taraf\u0131ndan yap\u0131lan 142 deprem konutu ve 2 d\u00fckkandan olu\u015fan&#8230;<\/p>\n","protected":false},"author":1,"featured_media":981,"comment_status":"open","ping_status":"open","sticky":false,"template":"","format":"standard","meta":{"footnotes":""},"categories":[26],"tags":[],"class_list":["post-1000","post","type-post","status-publish","format-standard","has-post-thumbnail","hentry","category-darende"],"_links":{"self":[{"href":"https:\/\/gundem44.com.tr\/index.php?rest_route=\/wp\/v2\/posts\/1000","targetHints":{"allow":["GET"]}}],"collection":[{"href":"https:\/\/gundem44.com.tr\/index.php?rest_route=\/wp\/v2\/posts"}],"about":[{"href":"https:\/\/gundem44.com.tr\/index.php?rest_route=\/wp\/v2\/types\/post"}],"author":[{"embeddable":true,"href":"https:\/\/gundem44.com.tr\/index.php?rest_route=\/wp\/v2\/users\/1"}],"replies":[{"embeddable":true,"href":"https:\/\/gundem44.com.tr\/index.php?rest_route=%2Fwp%2Fv2%2Fcomments&post=1000"}],"version-history":[{"count":1,"href":"https:\/\/gundem44.com.tr\/index.php?rest_route=\/wp\/v2\/posts\/1000\/revisions"}],"predecessor-version":[{"id":1001,"href":"https:\/\/gundem44.com.tr\/index.php?rest_route=\/wp\/v2\/posts\/1000\/revisions\/1001"}],"wp:featuredmedia":[{"embeddable":true,"href":"https:\/\/gundem44.com.tr\/index.php?rest_route=\/wp\/v2\/media\/981"}],"wp:attachment":[{"href":"https:\/\/gundem44.com.tr\/index.php?rest_route=%2Fwp%2Fv2%2Fmedia&parent=1000"}],"wp:term":[{"taxonomy":"category","embeddable":true,"href":"https:\/\/gundem44.com.tr\/index.php?rest_route=%2Fwp%2Fv2%2Fcategories&post=1000"},{"taxonomy":"post_tag","embeddable":true,"href":"https:\/\/gundem44.com.tr\/index.php?rest_route=%2Fwp%2Fv2%2Ftags&post=1000"}],"curies":[{"name":"wp","href":"https:\/\/api.w.org\/{rel}","templated":true}]}}