{"id":100,"date":"2026-06-02T10:58:44","date_gmt":"2026-06-02T10:58:44","guid":{"rendered":"https:\/\/gundem44.com.tr\/?p=100"},"modified":"2026-06-02T10:58:45","modified_gmt":"2026-06-02T10:58:45","slug":"malatyada-iki-aracin-carptigi-yaya-hayatini-kaybetti-2","status":"publish","type":"post","link":"https:\/\/gundem44.com.tr\/?p=100","title":{"rendered":"Malatya&#8217;da iki arac\u0131n \u00e7arpt\u0131\u011f\u0131 yaya hayat\u0131n\u0131 kaybetti"},"content":{"rendered":"\n<p class=\"wp-block-paragraph\">Malatya&#8217;da yolun kar\u015f\u0131s\u0131na ge\u00e7erken iki arac\u0131n \u00e7arpmas\u0131 sonucu 35 ya\u015f\u0131ndaki K.K. hayat\u0131n\u0131 kaybetti.<\/p>\n\n\n\n<p class=\"wp-block-paragraph\"><a href=\"https:\/\/www.sondakika.com\/malatya\/\">Malatya<\/a>&#8216;da yolun kar\u015f\u0131s\u0131na ge\u00e7meye \u00e7al\u0131\u015fan 35 ya\u015f\u0131ndaki \u015fah\u0131s iki arac\u0131n \u00e7arpmas\u0131 sonucu hayat\u0131n\u0131 kaybetti.<\/p>\n\n\n\n<p class=\"wp-block-paragraph\">Kaza, gece 00.15 s\u0131ralar\u0131nda Malatya-&nbsp;<a href=\"https:\/\/www.sondakika.com\/elazig\/\">Elaz\u0131\u011f<\/a>&nbsp;karayolu \u00fczerinde Sancaktar Mezarl\u0131\u011f\u0131 kar\u015f\u0131s\u0131nda meydana geldi. \u0130ddiaya g\u00f6re, b\u00f6lgede ko\u015farak yolun kar\u015f\u0131s\u0131na ge\u00e7meye \u00e7al\u0131\u015fan K.K.&#8217;ya \u00f6nce 44 LV 982 plakal\u0131 Hyundai marka otomobil ard\u0131ndan ise ayn\u0131 istikamette seyreden 42 BGB 788 plakal\u0131 Hyundai marka ara\u00e7 \u00e7arpt\u0131. Yola savrulan \u015fah\u0131s a\u011f\u0131r yaralan\u0131rken ihbar \u00fczerine b\u00f6lgeye polis ile sa\u011fl\u0131k ekipleri sevk edildi.<\/p>\n\n\n\n<figure class=\"wp-block-image\"><img decoding=\"async\" src=\"https:\/\/foto.sondakika.com\/haber\/2026\/05\/30\/malatyada-iki-aracin-carptigi-19893557-6193_1_m.jpg\" alt=\"Malatya'da iki arac\u0131n \u00e7arpt\u0131\u011f\u0131 yaya hayat\u0131n\u0131 kaybetti\"\/><\/figure>\n\n\n\n<figure class=\"wp-block-image\"><img decoding=\"async\" src=\"https:\/\/foto.sondakika.com\/haber\/2026\/05\/30\/malatyada-iki-aracin-carptigi-19893557-2778_1_m.jpg\" alt=\"Malatya'da iki arac\u0131n \u00e7arpt\u0131\u011f\u0131 yaya hayat\u0131n\u0131 kaybetti\"\/><\/figure>\n\n\n\n<figure class=\"wp-block-image\"><img decoding=\"async\" src=\"https:\/\/foto.sondakika.com\/haber\/2026\/05\/30\/malatyada-iki-aracin-carptigi-19893557-6159_1_m.jpg\" alt=\"Malatya'da iki arac\u0131n \u00e7arpt\u0131\u011f\u0131 yaya hayat\u0131n\u0131 kaybetti\"\/><\/figure>\n\n\n\n<figure class=\"wp-block-image\"><img decoding=\"async\" src=\"https:\/\/foto.sondakika.com\/haber\/2026\/05\/30\/malatyada-iki-aracin-carptigi-19893557-4741_1_m.jpg\" alt=\"Malatya'da iki arac\u0131n \u00e7arpt\u0131\u011f\u0131 yaya hayat\u0131n\u0131 kaybetti\"\/><\/figure>\n\n\n\n<figure class=\"wp-block-image\"><img decoding=\"async\" src=\"https:\/\/foto.sondakika.com\/haber\/2026\/05\/30\/malatyada-iki-aracin-carptigi-19893557-7508_1_m.jpg\" alt=\"Malatya'da iki arac\u0131n \u00e7arpt\u0131\u011f\u0131 yaya hayat\u0131n\u0131 kaybetti\"\/><\/figure>\n\n\n\n<h3 class=\"wp-block-heading\">KAZAYA KARI\u015eAN S\u00dcR\u00dcC\u00dcLER G\u00d6ZALTINA ALINDI<\/h3>\n\n\n\n<p class=\"wp-block-paragraph\">\u0130lk m\u00fcdahalesi olay yerinde yap\u0131lan K.K. kald\u0131r\u0131ld\u0131\u011f\u0131 Battalgazi Devlet Hastanesi&#8217;nde yap\u0131lan t\u00fcm m\u00fcdahalelere ra\u011fmen kurtar\u0131lamad\u0131.&nbsp;Kazaya kar\u0131\u015fan ara\u00e7 s\u00fcr\u00fcc\u00fcleri ifadeleri al\u0131nmak \u00fczere polis merkezine g\u00f6t\u00fcr\u00fcl\u00fcrken, K.K.&#8217;nin cenazesi hastanedeki i\u015flemlerinin ard\u0131ndan adli t\u0131p kurumu morguna kald\u0131r\u0131ld\u0131.<\/p>\n\n\n\n<p class=\"wp-block-paragraph\">Kazayla ilgili inceleme s\u00fcr\u00fcyor.<\/p>\n","protected":false},"excerpt":{"rendered":"<p>Malatya&#8217;da yolun kar\u015f\u0131s\u0131na ge\u00e7erken iki arac\u0131n \u00e7arpmas\u0131 sonucu 35 ya\u015f\u0131ndaki K.K. hayat\u0131n\u0131 kaybetti. Malatya&#8216;da yolun&#8230;<\/p>\n","protected":false},"author":1,"featured_media":101,"comment_status":"open","ping_status":"open","sticky":false,"template":"","format":"standard","meta":{"footnotes":""},"categories":[18],"tags":[],"class_list":["post-100","post","type-post","status-publish","format-standard","has-post-thumbnail","hentry","category-guncel"],"_links":{"self":[{"href":"https:\/\/gundem44.com.tr\/index.php?rest_route=\/wp\/v2\/posts\/100","targetHints":{"allow":["GET"]}}],"collection":[{"href":"https:\/\/gundem44.com.tr\/index.php?rest_route=\/wp\/v2\/posts"}],"about":[{"href":"https:\/\/gundem44.com.tr\/index.php?rest_route=\/wp\/v2\/types\/post"}],"author":[{"embeddable":true,"href":"https:\/\/gundem44.com.tr\/index.php?rest_route=\/wp\/v2\/users\/1"}],"replies":[{"embeddable":true,"href":"https:\/\/gundem44.com.tr\/index.php?rest_route=%2Fwp%2Fv2%2Fcomments&post=100"}],"version-history":[{"count":1,"href":"https:\/\/gundem44.com.tr\/index.php?rest_route=\/wp\/v2\/posts\/100\/revisions"}],"predecessor-version":[{"id":102,"href":"https:\/\/gundem44.com.tr\/index.php?rest_route=\/wp\/v2\/posts\/100\/revisions\/102"}],"wp:featuredmedia":[{"embeddable":true,"href":"https:\/\/gundem44.com.tr\/index.php?rest_route=\/wp\/v2\/media\/101"}],"wp:attachment":[{"href":"https:\/\/gundem44.com.tr\/index.php?rest_route=%2Fwp%2Fv2%2Fmedia&parent=100"}],"wp:term":[{"taxonomy":"category","embeddable":true,"href":"https:\/\/gundem44.com.tr\/index.php?rest_route=%2Fwp%2Fv2%2Fcategories&post=100"},{"taxonomy":"post_tag","embeddable":true,"href":"https:\/\/gundem44.com.tr\/index.php?rest_route=%2Fwp%2Fv2%2Ftags&post=100"}],"curies":[{"name":"wp","href":"https:\/\/api.w.org\/{rel}","templated":true}]}}